{"id":7302,"date":"2022-07-06T18:37:35","date_gmt":"2022-07-06T23:37:35","guid":{"rendered":"https:\/\/podernacional.com\/?p=7302"},"modified":"2022-07-06T23:37:36","modified_gmt":"2022-07-06T23:37:36","slug":"cancun-se-ofertaran-mas-de-mil-vacantes-en-jornada-ven-y-empleate","status":"publish","type":"post","link":"https:\/\/podernacional.com\/?p=7302","title":{"rendered":"Canc\u00fan: Se ofertar\u00e1n m\u00e1s de mil vacantes en jornada \u201cVen y empl\u00e9ate\u201d"},"content":{"rendered":"<h4>Este mi\u00e9rcoles alrededor de 30 empresas estar\u00e1n participando en la feria del empleo, desde 9 de la ma\u00f1ana a 2 de la tarde<\/h4>\n<p>Canc\u00fan: Se ofertar\u00e1n m\u00e1s de mil vacantes en jornada \u00abVen y empl\u00e9ate\u00bb<\/p>\n<p>Con la reactivaci\u00f3n de las jornadas \u201cVen y empl\u00e9ate\u201d, este mi\u00e9rcoles desde las 9 de la ma\u00f1ana hasta las 2 de la tarde.<\/p>\n<p>Alrededor de 30 empresas estar\u00e1n participando en la feria del empleo con m\u00e1s de mil vacantes.<\/p>\n<p>La cita es en el domo Deportivo Jacinto Canek en la supermanzana 1, calle He Zaba, lo \u00fanico que deben hacer los interesados es llegar.<\/p>\n<p>De preferencia con algunas solicitudes de empleo ya listas o sus curr\u00edculum vitae, adem\u00e1s de respetar todos los protocolos sanitarios.<\/p>\n<p>Para poder integrarse m\u00e1s r\u00e1pido a los m\u00f3dulos, en donde algunas empresas incluso hacen de forma directa las pre-entrevistas.<\/p>\n<p>Adem\u00e1s de las empresas participantes, se tendr\u00e1n m\u00f3dulos de diferentes instituciones del gobierno estatal.<\/p>\n<p>Para la aplicaci\u00f3n de descuentos en licencias de conducir, aunque estos no aplican para el servicio p\u00fablico.<\/p>\n<p>Sin embargo, es una excelente oportunidad para quienes no han podido renovar sus licencias, pues los descuentos van hasta el 50 por ciento.<\/p>\n<p>Luego de la pandemia se ha tenido un reacomodo importante, de quienes buscan empleo y quienes requieren complementar sus planillas.<\/p>\n<p>Por lo que estos espacios son fundamentales y sobre todo llevarlos a diferentes regiones.<\/p>\n<p>Porque muchas veces se les complica acudir hasta el centro de la ciudad.<\/p>\n<p>Finalmente, en el estado de Quintana Roo, Canc\u00fan, se ofertar\u00e1n alrededor de mil vacantes en jornada en el programa de \u201cVen y empl\u00e9ate\u201d.<\/p>\n<p>Las cuales ser\u00e1n desde las nueve de la ma\u00f1ana hasta las dos de la tarde.<\/p>\n<p>En esta feria participan unas 30 empresas apoyando el empleo con mas de mil vacantes en diferentes ramas.<\/p>\n<p>Cumpliendo con dichos protocolos de sanidad.<\/p>\n","protected":false},"excerpt":{"rendered":"<p>Este mi\u00e9rcoles alrededor de 30 empresas estar\u00e1n participando en la feria del empleo, desde 9 de la ma\u00f1ana a 2 de la tarde Canc\u00fan: Se ofertar\u00e1n m\u00e1s de mil vacantes en jornada \u00abVen y empl\u00e9ate\u00bb Con la reactivaci\u00f3n de las jornadas \u201cVen y empl\u00e9ate\u201d, este mi\u00e9rcoles desde las 9 de la ma\u00f1ana hasta las 2 [&hellip;]<\/p>\n","protected":false},"author":1,"featured_media":7304,"comment_status":"open","ping_status":"closed","sticky":false,"template":"","format":"standard","meta":{"footnotes":""},"categories":[6,10],"tags":[],"class_list":["post-7302","post","type-post","status-publish","format-standard","has-post-thumbnail","hentry","category-local","category-quintana-roo"],"_links":{"self":[{"href":"https:\/\/podernacional.com\/index.php?rest_route=\/wp\/v2\/posts\/7302","targetHints":{"allow":["GET"]}}],"collection":[{"href":"https:\/\/podernacional.com\/index.php?rest_route=\/wp\/v2\/posts"}],"about":[{"href":"https:\/\/podernacional.com\/index.php?rest_route=\/wp\/v2\/types\/post"}],"author":[{"embeddable":true,"href":"https:\/\/podernacional.com\/index.php?rest_route=\/wp\/v2\/users\/1"}],"replies":[{"embeddable":true,"href":"https:\/\/podernacional.com\/index.php?rest_route=%2Fwp%2Fv2%2Fcomments&post=7302"}],"version-history":[{"count":1,"href":"https:\/\/podernacional.com\/index.php?rest_route=\/wp\/v2\/posts\/7302\/revisions"}],"predecessor-version":[{"id":7303,"href":"https:\/\/podernacional.com\/index.php?rest_route=\/wp\/v2\/posts\/7302\/revisions\/7303"}],"wp:featuredmedia":[{"embeddable":true,"href":"https:\/\/podernacional.com\/index.php?rest_route=\/wp\/v2\/media\/7304"}],"wp:attachment":[{"href":"https:\/\/podernacional.com\/index.php?rest_route=%2Fwp%2Fv2%2Fmedia&parent=7302"}],"wp:term":[{"taxonomy":"category","embeddable":true,"href":"https:\/\/podernacional.com\/index.php?rest_route=%2Fwp%2Fv2%2Fcategories&post=7302"},{"taxonomy":"post_tag","embeddable":true,"href":"https:\/\/podernacional.com\/index.php?rest_route=%2Fwp%2Fv2%2Ftags&post=7302"}],"curies":[{"name":"wp","href":"https:\/\/api.w.org\/{rel}","templated":true}]}}