{"id":7316,"date":"2022-07-06T20:50:41","date_gmt":"2022-07-07T01:50:41","guid":{"rendered":"https:\/\/podernacional.com\/?p=7316"},"modified":"2022-07-07T01:50:43","modified_gmt":"2022-07-07T01:50:43","slug":"mexico-con-la-menor-inflacion-energetica-de-la-ocde","status":"publish","type":"post","link":"https:\/\/podernacional.com\/?p=7316","title":{"rendered":"M\u00e9xico, con la menor inflaci\u00f3n energ\u00e9tica de la OCDE"},"content":{"rendered":"<h4>El pa\u00eds registr\u00f3 una variaci\u00f3n anual de 6.4% en los precios de la energ\u00eda durante mayo.<\/h4>\n<p>OCDE: El promedio del resto de los pa\u00edses miembros es de 35.4%.<\/p>\n<p>M\u00e9xico, con la menor inflaci\u00f3n energ\u00e9tica de la OCDE<\/p>\n<p>Durante mayo M\u00e9xico se mantuvo como el pa\u00eds con la inflaci\u00f3n m\u00e1s baja de energ\u00e9ticos.<\/p>\n<p>De entre los 38 miembros de la Organizaci\u00f3n para la Cooperaci\u00f3n y el Desarrollo Econ\u00f3micos (OCDE).<\/p>\n<p>Esto tras alcanzar una variaci\u00f3n anual de 6.4% en los precios de gasolina, gas y electricidad, entre otros.<\/p>\n<p>Esta fluctuaci\u00f3n en los precios de energ\u00e9ticos registrada en M\u00e9xico qued\u00f3 lejos del promedio alcanzado por los pa\u00edses miembros de la OCD.<\/p>\n<p>Que en el mismo mes observ\u00f3 una fluctuaci\u00f3n de 35.4 por ciento.<\/p>\n<p>De hecho, los economistas de la entidad explicaron que la tendencia alcista de la inflaci\u00f3n general.<\/p>\n<p>En los integrantes de la organizaci\u00f3n tiene un importante impulso en los precios de energ\u00e9ticos.<\/p>\n<p>As\u00ed, en el comparativo mensual de las tasas de inflaci\u00f3n que divulga la entidad.<\/p>\n<p>Se puede ver que las que presentaron las variaciones m\u00e1s extremas en los precios de energ\u00e9ticos son Turqu\u00eda.<\/p>\n<p>El cual se inscribi\u00f3 un aumento anual de 136.9% en los precios de energ\u00e9ticos.<\/p>\n<p>Debajo est\u00e1 Holanda que alcanz\u00f3 una variaci\u00f3n de 67.4% anual.<\/p>\n<p>Lituania que experiment\u00f3 una fluctuaci\u00f3n de precios de energ\u00e9ticos de 58.3 por ciento.<\/p>\n<p>El contraste con la inflaci\u00f3n de energ\u00e9ticos de M\u00e9xico.<\/p>\n<p>Radica en los subsidios que est\u00e1 otorgando el gobierno federal para evitar que los precios de la gasolina aumenten en t\u00e9rminos reales.<\/p>\n<p>Explic\u00f3 el economista en jefe para M\u00e9xico y Canad\u00e1 de Bank of America Securities, Carlos Capistr\u00e1n.<\/p>\n<p>En un an\u00e1lisis BofA Securities, titulado M\u00e9xico tiene un problema de inflaci\u00f3n dom\u00e9stica, destacaron que:<\/p>\n<p>\u201cA diferencia de muchos pa\u00edses, (la inflaci\u00f3n de energ\u00e9ticos) no es un gran problema para M\u00e9xico ya que los precios de la gasolina est\u00e1n subsidiados\u201d.<\/p>\n<p>&nbsp;<\/p>\n<h4>Inflaci\u00f3n de alimentos, para arriba<\/h4>\n<p>La inflaci\u00f3n de alimentos que registr\u00f3 M\u00e9xico en mayo se qued\u00f3 en la posici\u00f3n n\u00famero 14 de los 38 pa\u00edses.<\/p>\n<p>Miembros de la OCDE, con una variaci\u00f3n de 12.5% anual.<\/p>\n<p>El promedio de la inflaci\u00f3n de alimentos en los miembros de la organizaci\u00f3n fue de 12.6% anual.<\/p>\n<p>En mayo, por tanto la escalada de precios en este segmento en M\u00e9xico se encuentra cerca de la media de los pa\u00edses OCDE.<\/p>\n<p>El l\u00edder de la inflaci\u00f3n de alimentos entre los pa\u00edses miembros result\u00f3 Turqu\u00eda con una variaci\u00f3n anual de 91.6 por ciento.<\/p>\n<p>El an\u00e1lisis de Carlos Capistr\u00e1n, explica que la escalada de los precios de alimentos contribuye en M\u00e9xico con m\u00e1s de 40% a la inflaci\u00f3n general.<\/p>\n<p>Ademas de seguir en aumento.<\/p>\n","protected":false},"excerpt":{"rendered":"<p>El pa\u00eds registr\u00f3 una variaci\u00f3n anual de 6.4% en los precios de la energ\u00eda durante mayo. OCDE: El promedio del resto de los pa\u00edses miembros es de 35.4%. M\u00e9xico, con la menor inflaci\u00f3n energ\u00e9tica de la OCDE Durante mayo M\u00e9xico se mantuvo como el pa\u00eds con la inflaci\u00f3n m\u00e1s baja de energ\u00e9ticos. De entre los [&hellip;]<\/p>\n","protected":false},"author":1,"featured_media":0,"comment_status":"open","ping_status":"closed","sticky":false,"template":"","format":"standard","meta":{"footnotes":""},"categories":[7,9],"tags":[],"class_list":["post-7316","post","type-post","status-publish","format-standard","hentry","category-nacional","category-politica"],"_links":{"self":[{"href":"https:\/\/podernacional.com\/index.php?rest_route=\/wp\/v2\/posts\/7316","targetHints":{"allow":["GET"]}}],"collection":[{"href":"https:\/\/podernacional.com\/index.php?rest_route=\/wp\/v2\/posts"}],"about":[{"href":"https:\/\/podernacional.com\/index.php?rest_route=\/wp\/v2\/types\/post"}],"author":[{"embeddable":true,"href":"https:\/\/podernacional.com\/index.php?rest_route=\/wp\/v2\/users\/1"}],"replies":[{"embeddable":true,"href":"https:\/\/podernacional.com\/index.php?rest_route=%2Fwp%2Fv2%2Fcomments&post=7316"}],"version-history":[{"count":1,"href":"https:\/\/podernacional.com\/index.php?rest_route=\/wp\/v2\/posts\/7316\/revisions"}],"predecessor-version":[{"id":7317,"href":"https:\/\/podernacional.com\/index.php?rest_route=\/wp\/v2\/posts\/7316\/revisions\/7317"}],"wp:attachment":[{"href":"https:\/\/podernacional.com\/index.php?rest_route=%2Fwp%2Fv2%2Fmedia&parent=7316"}],"wp:term":[{"taxonomy":"category","embeddable":true,"href":"https:\/\/podernacional.com\/index.php?rest_route=%2Fwp%2Fv2%2Fcategories&post=7316"},{"taxonomy":"post_tag","embeddable":true,"href":"https:\/\/podernacional.com\/index.php?rest_route=%2Fwp%2Fv2%2Ftags&post=7316"}],"curies":[{"name":"wp","href":"https:\/\/api.w.org\/{rel}","templated":true}]}}