{"id":7318,"date":"2022-07-07T19:00:55","date_gmt":"2022-07-08T00:00:55","guid":{"rendered":"https:\/\/podernacional.com\/?p=7318"},"modified":"2022-07-08T00:00:57","modified_gmt":"2022-07-08T00:00:57","slug":"cultura-ndee-a-traves-de-la-quinta-reunion-ndee-nnee-nde-en-el-mahch","status":"publish","type":"post","link":"https:\/\/podernacional.com\/?p=7318","title":{"rendered":"Cultura Nde\u00e9 a trav\u00e9s de la Quinta Reuni\u00f3n Ndee, N\u2019nee, Nd\u00e9 en el MAHCH"},"content":{"rendered":"<h4>La comunidad Nde\u00e9 invita a los juarenses a conocer su cultura.<\/h4>\n<p>Cultura Nde\u00e9: A trav\u00e9s de danzas, m\u00fasica y conferencias durante la quinta reuni\u00f3n N\u2019dee, N\u2019nee, Nd\u00e9.<\/p>\n<p>La cual\u00a0se efectuar\u00e1 en el Museo de Arqueolog\u00eda e Historia de El Chamizal (MAHCH).<\/p>\n<p>Desde hoy a las 4:00 de la tarde y hasta el pr\u00f3ximo domingo 10.<\/p>\n<p>Este evento tiene como objetivo reivindicar y fortalecer la cultura de la etnia Ndee, N\u2019nee, Nd\u00e9.<\/p>\n<p>Por medio de la reuni\u00f3n en la que se practicar\u00e1n expresiones culturales tales como el ceremonial de reuniones.<\/p>\n<p>Donde se pondr\u00e1n en pr\u00e1ctica expresiones por medio del:<\/p>\n<p>Vestuario, la lengua, la m\u00fasica y la medicina tradicional, sin dejar de lado el fortalecimiento de la identidad y pol\u00edticas internas.<\/p>\n<p>Ser\u00e1n 72 horas continuas en las que los asistentes podr\u00e1n conocer m\u00e1s a fondo esta etnia.<\/p>\n<p>Que ha estado a poco de desaparecer debido al poco reconocimiento que se le da.<\/p>\n<p>Es por ello la importancia de este tipo de concentraciones.<\/p>\n<p>&nbsp;<\/p>\n<h4>Las Naciones invitadas son:<\/h4>\n<p>Mescalero Apache Tribe, San Carlos Apache Tribe, Jicarilla Apache Nation, Lipan Apache Band of Texas, Chihene Nde Nation, White Mountain Apache Tribe.<\/p>\n<p>Ademas, representantes de la Red de Pueblos Ind\u00edgenas de Ju\u00e1rez.<\/p>\n<p>Hoy jueves a las 4:00 de la tarde es la recepci\u00f3n de invitados, el acomodo del campamento, seguido de la bendici\u00f3n tradicional.<\/p>\n<p>Luego se enciende el fuego que se mantiene hasta el final de la reuni\u00f3n. Cierra el d\u00eda con Tach\u00edh n\u00e1d\u00e1h (temazcal).<\/p>\n<p>Para ma\u00f1ana viernes 8 se tiene la conferencia de prensa, seguida de conferencias de historia propias del pueblo Ndee, N\u2019nee, Nd\u00e9 (Apache).<\/p>\n<p>Posterior se ofrece un acto inaugural de manera oficial por parte de autoridades de gobierno.<\/p>\n<p>La siguiente actividad es Ghaan (danzantes de Coronas o esp\u00edritus de la Monta\u00f1a). Cierra el d\u00eda con Tach\u00edh n\u00e1d\u00e1h (temazcal).<\/p>\n<p>El s\u00e1bado 9, tercer d\u00eda del evento, habr\u00e1 taller de vestuario, clases de N\u2019nee Biyati (lengua).<\/p>\n<p>Conferencias de historia propias del pueblo Ndee, N\u2019nee, Nd\u00e9 (Apache); Cantos Sociales y Reuniones Propias de Etnia. Como cierre del d\u00eda Tach\u00edh n\u00e1d\u00e1h (temazcal).<\/p>\n<p>El domingo 10, \u00faltimo d\u00eda de actividad, en el cual se llevar\u00e1n a cabo cantos sociales.<\/p>\n<p>Bendici\u00f3n a la gente, despedida y cierre con Tach\u00edh n\u00e9d\u00e9h (temazcal).<\/p>\n<p>La mayor\u00eda de las actividades est\u00e1 abierta al p\u00fablico en general.<\/p>\n<p>Excepto aquellas de tipo ceremonial en donde los asistentes que no pertenecen a la etnia s\u00f3lo podr\u00e1n observar.<\/p>\n<p>Aquellos talleres como historia, vestuario y lengua, se espera contar con visitantes interesados en el tema, como lo son historiadores, antrop\u00f3logos y otros especialistas.<\/p>\n<p>Las reuniones anteriores fueron en Ojinaga, Chihuahua en 2017; Arteaga Coahuila en 2018; Chihuahua, Chihuahua en 2019 y El Nacimiento, Coahuila en 2021.<\/p>\n<p>El Instituto para la Cultura del Municipio de Ju\u00e1rez (IPACULT) a trav\u00e9s del Museo de Arqueolog\u00eda e Historia de El Chamizal (MAHCH).<\/p>\n<p>En coordinaci\u00f3n con Desarrollo Social, invita a los fronterizos a formar parte de estas actividades para tener un acercamiento con un pueblo originario.<\/p>\n<p>Que ha estado presente a lo largo de la historia en el norte de M\u00e9xico.<\/p>\n","protected":false},"excerpt":{"rendered":"<p>La comunidad Nde\u00e9 invita a los juarenses a conocer su cultura. Cultura Nde\u00e9: A trav\u00e9s de danzas, m\u00fasica y conferencias durante la quinta reuni\u00f3n N\u2019dee, N\u2019nee, Nd\u00e9. La cual\u00a0se efectuar\u00e1 en el Museo de Arqueolog\u00eda e Historia de El Chamizal (MAHCH). Desde hoy a las 4:00 de la tarde y hasta el pr\u00f3ximo domingo 10. [&hellip;]<\/p>\n","protected":false},"author":1,"featured_media":7320,"comment_status":"open","ping_status":"closed","sticky":false,"template":"","format":"standard","meta":{"footnotes":""},"categories":[2,7],"tags":[],"class_list":["post-7318","post","type-post","status-publish","format-standard","has-post-thumbnail","hentry","category-cultural","category-nacional"],"_links":{"self":[{"href":"https:\/\/podernacional.com\/index.php?rest_route=\/wp\/v2\/posts\/7318","targetHints":{"allow":["GET"]}}],"collection":[{"href":"https:\/\/podernacional.com\/index.php?rest_route=\/wp\/v2\/posts"}],"about":[{"href":"https:\/\/podernacional.com\/index.php?rest_route=\/wp\/v2\/types\/post"}],"author":[{"embeddable":true,"href":"https:\/\/podernacional.com\/index.php?rest_route=\/wp\/v2\/users\/1"}],"replies":[{"embeddable":true,"href":"https:\/\/podernacional.com\/index.php?rest_route=%2Fwp%2Fv2%2Fcomments&post=7318"}],"version-history":[{"count":1,"href":"https:\/\/podernacional.com\/index.php?rest_route=\/wp\/v2\/posts\/7318\/revisions"}],"predecessor-version":[{"id":7319,"href":"https:\/\/podernacional.com\/index.php?rest_route=\/wp\/v2\/posts\/7318\/revisions\/7319"}],"wp:featuredmedia":[{"embeddable":true,"href":"https:\/\/podernacional.com\/index.php?rest_route=\/wp\/v2\/media\/7320"}],"wp:attachment":[{"href":"https:\/\/podernacional.com\/index.php?rest_route=%2Fwp%2Fv2%2Fmedia&parent=7318"}],"wp:term":[{"taxonomy":"category","embeddable":true,"href":"https:\/\/podernacional.com\/index.php?rest_route=%2Fwp%2Fv2%2Fcategories&post=7318"},{"taxonomy":"post_tag","embeddable":true,"href":"https:\/\/podernacional.com\/index.php?rest_route=%2Fwp%2Fv2%2Ftags&post=7318"}],"curies":[{"name":"wp","href":"https:\/\/api.w.org\/{rel}","templated":true}]}}