{"id":7321,"date":"2022-07-07T19:08:08","date_gmt":"2022-07-08T00:08:08","guid":{"rendered":"https:\/\/podernacional.com\/?p=7321"},"modified":"2022-07-08T00:08:10","modified_gmt":"2022-07-08T00:08:10","slug":"rafael-nadal-se-retira-de-wimbledon-debido-a-lesion-abdominal","status":"publish","type":"post","link":"https:\/\/podernacional.com\/?p=7321","title":{"rendered":"Rafael Nadal se retira de Wimbledon debido a lesi\u00f3n abdominal"},"content":{"rendered":"<h4>Kyrgios pasa autom\u00e1ticamente a la Final del Grand Slam y espera a Djokovic o Norrie.<\/h4>\n<p>Rafael Nadal anunci\u00f3 este jueves que se retira del Grand Slam de Wimbledon debido a una lesi\u00f3n abdominal.<\/p>\n<p>La cual\u00a0no le permite continuar en el torneo.<\/p>\n<p>En conferencia de prensa el tenista espa\u00f1ol, quien ven\u00eda como campe\u00f3n de Roland Garros.<\/p>\n<p>Argument\u00f3 que no podr\u00e1 enfrentar a Nick Kyrgios en las Semifinales este viernes 8 de julio.<\/p>\n<p>\u00abMe retiro por l\u00f3gica, aunque me ha costado, porque he tomado esta decisi\u00f3n porque la rotura en el abdomen tiene un riesgo importante de empeorar\u201d.<\/p>\n<p>He llegado a la conclusi\u00f3n de que solo me sirve ganar el torneo, en las condiciones que estoy es pr\u00e1cticamente imposible hacerlo, coment\u00f3 Rafael Nadal.<\/p>\n<p>\u00abMi experiencia en este tipo de lesiones es ya muy larga y como ya me pas\u00f3 en 2009 en el US Open\u201d.<\/p>\n<p>\u201cY\u00a0en otras ocasiones, es mejor parar porque no me puedo jugar lo que me queda de carrera\u00bb.<\/p>\n<p>Nadal buscaba ganar su tercer t\u00edtulo de Grand Slam en Wimbledon, mismo que no gana desde el 2010 y previamente lo hizo en 2008.<\/p>\n<p>Ahora la duda ser\u00e1 si participar\u00e1 en el US Open que ser\u00e1 dle 29 de agosto al 11 de septiebre de 2022.<\/p>\n<p>\u00abLo m\u00e1s importante para m\u00ed es la felicidad y el esfuerzo que he puesto aqu\u00ed pero no puedo forzar\u201d<\/p>\n<p>Aunque parar ahora dos o tres meses sin competir a estas alturas de mi carrera.<\/p>\n<p>\u201cEstoy muy triste por la decisi\u00f3n, pero es mi decisi\u00f3n\u00bb.<\/p>\n<p>\u00abDespu\u00e9s de hablar mucho con el equipo tom\u00e9 la decisi\u00f3n\u201d.<\/p>\n<p>Estoy roto en la parte abdominal. La experiencia me dice que cuando uno tiene estos problemas es dif\u00edcil seguir. me duele mucho no jugar m\u00e1s\u00bb.<\/p>\n<p>Nick Kyrgios pasa directamente a la final del torneo y espera su rival que saldr\u00e1 del enfrentamiento entre Novak Djokovic y \u00a0Cameron Norrie.<\/p>\n","protected":false},"excerpt":{"rendered":"<p>Kyrgios pasa autom\u00e1ticamente a la Final del Grand Slam y espera a Djokovic o Norrie. Rafael Nadal anunci\u00f3 este jueves que se retira del Grand Slam de Wimbledon debido a una lesi\u00f3n abdominal. La cual\u00a0no le permite continuar en el torneo. En conferencia de prensa el tenista espa\u00f1ol, quien ven\u00eda como campe\u00f3n de Roland Garros. [&hellip;]<\/p>\n","protected":false},"author":1,"featured_media":7323,"comment_status":"open","ping_status":"closed","sticky":false,"template":"","format":"standard","meta":{"footnotes":""},"categories":[3,5],"tags":[],"class_list":["post-7321","post","type-post","status-publish","format-standard","has-post-thumbnail","hentry","category-deportes","category-internacional"],"_links":{"self":[{"href":"https:\/\/podernacional.com\/index.php?rest_route=\/wp\/v2\/posts\/7321","targetHints":{"allow":["GET"]}}],"collection":[{"href":"https:\/\/podernacional.com\/index.php?rest_route=\/wp\/v2\/posts"}],"about":[{"href":"https:\/\/podernacional.com\/index.php?rest_route=\/wp\/v2\/types\/post"}],"author":[{"embeddable":true,"href":"https:\/\/podernacional.com\/index.php?rest_route=\/wp\/v2\/users\/1"}],"replies":[{"embeddable":true,"href":"https:\/\/podernacional.com\/index.php?rest_route=%2Fwp%2Fv2%2Fcomments&post=7321"}],"version-history":[{"count":1,"href":"https:\/\/podernacional.com\/index.php?rest_route=\/wp\/v2\/posts\/7321\/revisions"}],"predecessor-version":[{"id":7322,"href":"https:\/\/podernacional.com\/index.php?rest_route=\/wp\/v2\/posts\/7321\/revisions\/7322"}],"wp:featuredmedia":[{"embeddable":true,"href":"https:\/\/podernacional.com\/index.php?rest_route=\/wp\/v2\/media\/7323"}],"wp:attachment":[{"href":"https:\/\/podernacional.com\/index.php?rest_route=%2Fwp%2Fv2%2Fmedia&parent=7321"}],"wp:term":[{"taxonomy":"category","embeddable":true,"href":"https:\/\/podernacional.com\/index.php?rest_route=%2Fwp%2Fv2%2Fcategories&post=7321"},{"taxonomy":"post_tag","embeddable":true,"href":"https:\/\/podernacional.com\/index.php?rest_route=%2Fwp%2Fv2%2Ftags&post=7321"}],"curies":[{"name":"wp","href":"https:\/\/api.w.org\/{rel}","templated":true}]}}