{"id":7324,"date":"2022-07-07T19:20:19","date_gmt":"2022-07-08T00:20:19","guid":{"rendered":"https:\/\/podernacional.com\/?p=7324"},"modified":"2022-07-08T00:20:20","modified_gmt":"2022-07-08T00:20:20","slug":"invita-side-a-empresas-chihuahuenses-a-participar-en-la-feria-agroalimentaria-internacional-sial-paris-2022","status":"publish","type":"post","link":"https:\/\/podernacional.com\/?p=7324","title":{"rendered":"Invita SIDE a empresas chihuahuenses a participar en la feria agroalimentaria internacional \u201cSIAL Paris 2022\u201d"},"content":{"rendered":"<h4>SIAL Paris se llevar\u00e1 a cabo del 15 al 19 de octubre y reunir\u00e1 a 119 pa\u00edses con m\u00e1s de 7 mil expositores.<\/h4>\n<p>SIDE: La Secretar\u00eda de Innovaci\u00f3n y Desarrollo Econ\u00f3mico, en alianza con el Consejo Mexicano de Comercio Exterior de Chihuahua (COMCE).<\/p>\n<p>Ademas, Desarrollo Econ\u00f3mico del Estado de Chihuahua (DESEC), Desarrollo Econ\u00f3mico de Ciudad Ju\u00e1rez (DECJ), Bancomexty los municipios de Ciudad Ju\u00e1rez y Chihuahua.<\/p>\n<p>Invitan a empresas chihuahuenses a participar en SIAL Paris 2022, una de las ferias de la industria agroalimentaria m\u00e1s importantes en el mundo.<\/p>\n<p>El objetivo de esta feria internacional es fungir como punto de encuentro e intercambios que fortalezca e inspire el ecosistema del sector alimentario centrado.<\/p>\n<p>En dichas transformaciones y oportunidades de la econom\u00eda cambiante.<\/p>\n<p>Esta edici\u00f3n es la primera de su tipo a realizarse de forma presencial, despu\u00e9s de los cierres ocasionados por la pandemia.<\/p>\n<p>Con una participaci\u00f3n de 119 pa\u00edses y m\u00e1s de 7 mil expositores.<\/p>\n<p>Este encuentro de negocios internacional reunir\u00e1 a los m\u00e1s grandes compradores y productores de la industria agroalimentaria.<\/p>\n<p>Adem\u00e1s de brindar una oportunidad \u00fanica de mercado para los participantes, quienes descubrir\u00e1n las \u00faltimas tendencias e innovaciones del sector.<\/p>\n<p>&nbsp;<\/p>\n<h4>SIAL Paris se llevar\u00e1 a cabo del 15 al 19 de octubre en Francia.<\/h4>\n<p>Contar\u00e1 con ciclos de conferencias, debates y mesas de trabajo de la mano de expertos del gremio.<\/p>\n<p>Adem\u00e1s, SIDE menciona que habr\u00e1 un espacio dedicado a la innovaci\u00f3n y startups, llamado SIAL LAB.<\/p>\n<p>En el que encontrar\u00e1n las tendencias alimentarias proyectadas para el 2030. Seg\u00fan reportes de SIAL Paris, cada expositor registra en promedio 200 citas de negocios.<\/p>\n<p>La Secretar\u00eda de Innovaci\u00f3n y Desarrollo Econ\u00f3mico, a trav\u00e9s de la Direcci\u00f3n de Emprendimiento y Desarrollo Empresarial.<\/p>\n<p>Invita a las empresas interesadas a que se comuniquen al Departamento de Comercio Exterior al tel\u00e9fono (614) 442-33-00 ext. 3393 o bien al correo teresa.reza@chihuahua.com.mx<\/p>\n<p>Con estas acciones, el Gobierno del Estado busca impulsar los productos hechos en Chihuahua en plataformas internacionales.<\/p>\n<p>Brindando las condiciones necesarias para el desarrollo de las empresas y mejorando la calidad de vida de las y los chihuahuenses.<\/p>\n","protected":false},"excerpt":{"rendered":"<p>SIAL Paris se llevar\u00e1 a cabo del 15 al 19 de octubre y reunir\u00e1 a 119 pa\u00edses con m\u00e1s de 7 mil expositores. SIDE: La Secretar\u00eda de Innovaci\u00f3n y Desarrollo Econ\u00f3mico, en alianza con el Consejo Mexicano de Comercio Exterior de Chihuahua (COMCE). Ademas, Desarrollo Econ\u00f3mico del Estado de Chihuahua (DESEC), Desarrollo Econ\u00f3mico de Ciudad [&hellip;]<\/p>\n","protected":false},"author":1,"featured_media":7326,"comment_status":"open","ping_status":"closed","sticky":false,"template":"","format":"standard","meta":{"footnotes":""},"categories":[2,5],"tags":[],"class_list":["post-7324","post","type-post","status-publish","format-standard","has-post-thumbnail","hentry","category-cultural","category-internacional"],"_links":{"self":[{"href":"https:\/\/podernacional.com\/index.php?rest_route=\/wp\/v2\/posts\/7324","targetHints":{"allow":["GET"]}}],"collection":[{"href":"https:\/\/podernacional.com\/index.php?rest_route=\/wp\/v2\/posts"}],"about":[{"href":"https:\/\/podernacional.com\/index.php?rest_route=\/wp\/v2\/types\/post"}],"author":[{"embeddable":true,"href":"https:\/\/podernacional.com\/index.php?rest_route=\/wp\/v2\/users\/1"}],"replies":[{"embeddable":true,"href":"https:\/\/podernacional.com\/index.php?rest_route=%2Fwp%2Fv2%2Fcomments&post=7324"}],"version-history":[{"count":1,"href":"https:\/\/podernacional.com\/index.php?rest_route=\/wp\/v2\/posts\/7324\/revisions"}],"predecessor-version":[{"id":7325,"href":"https:\/\/podernacional.com\/index.php?rest_route=\/wp\/v2\/posts\/7324\/revisions\/7325"}],"wp:featuredmedia":[{"embeddable":true,"href":"https:\/\/podernacional.com\/index.php?rest_route=\/wp\/v2\/media\/7326"}],"wp:attachment":[{"href":"https:\/\/podernacional.com\/index.php?rest_route=%2Fwp%2Fv2%2Fmedia&parent=7324"}],"wp:term":[{"taxonomy":"category","embeddable":true,"href":"https:\/\/podernacional.com\/index.php?rest_route=%2Fwp%2Fv2%2Fcategories&post=7324"},{"taxonomy":"post_tag","embeddable":true,"href":"https:\/\/podernacional.com\/index.php?rest_route=%2Fwp%2Fv2%2Ftags&post=7324"}],"curies":[{"name":"wp","href":"https:\/\/api.w.org\/{rel}","templated":true}]}}