{"id":7336,"date":"2022-07-07T20:17:14","date_gmt":"2022-07-08T01:17:14","guid":{"rendered":"https:\/\/podernacional.com\/?p=7336"},"modified":"2022-07-08T01:17:16","modified_gmt":"2022-07-08T01:17:16","slug":"fue-un-error-eliminar-la-policia-federal-y-la-guardia-nacional-es-producto-de-un-impulso-analistas","status":"publish","type":"post","link":"https:\/\/podernacional.com\/?p=7336","title":{"rendered":"Fue un error eliminar la polic\u00eda federal y la Guardia Nacional es producto de un impulso: analistas"},"content":{"rendered":"<h4>La cuesti\u00f3n de seguridad no es algo que se pueda resolver de la noche a la ma\u00f1ana.<\/h4>\n<p>Analistas: Coincidieron analistas en el \u2018EF MeetPoint. Balazos m\u00e1s que abrazos: La inseguridad p\u00fablica en M\u00e9xico\u2019.<\/p>\n<p>La Guardia Nacional no ha podido detener avances del crimen organizado.<\/p>\n<p>Fue una \u201ctremenda equivocaci\u00f3n, un grave error\u201d la eliminaci\u00f3n de la polic\u00eda federal en M\u00e9xico.<\/p>\n<p>Y\u00a0cambiarla por la Guardia Nacional, que tiene m\u00e1s de 115 mil elementos desplegados en el pa\u00eds.<\/p>\n<p>La cuesti\u00f3n de seguridad no es algo que se pueda resolver de la noche a la ma\u00f1ana, coincidieron analistas.<\/p>\n<p>Durante el EF MeetPoint. Balazos m\u00e1s que abrazos:<\/p>\n<p>La inseguridad p\u00fablica en M\u00e9xico, el escritor y periodista H\u00e9ctor de Maule\u00f3n y Eduardo Guerrero, director de Lantia Intelligence y columnista de El Financiero.<\/p>\n<p>Coincidieron que en el presente gobierno que encabeza Andr\u00e9s Manuel L\u00f3pez Obrador se est\u00e1 gestando un desastre en materia de seguridad en el pa\u00eds.<\/p>\n<p>\u201cLa eliminaci\u00f3n de la polic\u00eda federal fue un error porque necesit\u00e1bamos continuidad en los esfuerzos\u201d.<\/p>\n<p>Sin duda hab\u00eda problemas de eficacia y de corrupci\u00f3n, pero esos errores necesitaban ser corregidos.<\/p>\n<p>En todas las instituciones de seguridad se deben hacer ajustes peri\u00f3dicos\u201d, explic\u00f3 Eduardo Guerrero durante el foro este jueves.<\/p>\n<p>Creaci\u00f3n de Guardia Nacional, producto de un impulso<\/p>\n<p>&nbsp;<\/p>\n<h4>\u201cLa desaparici\u00f3n de la polic\u00eda federal ha sido una equivocaci\u00f3n tremenda\u201d.<\/h4>\n<p>Le quit\u00f3 a la sociedad el \u00fanico escudo que la proteg\u00eda y que deten\u00eda los avances del crimen organizado.<\/p>\n<p>La polic\u00eda federal ten\u00eda problemas, pero era una inversi\u00f3n del Estado que ten\u00eda 20\u201d, dijo por su parte H\u00e9ctor de Maule\u00f3n.<\/p>\n<p>Coincidieron en que la cuesti\u00f3n de seguridad en el pa\u00eds no es un asunto que se pueda resolver de la noche a la ma\u00f1ana.<\/p>\n<p>Sin embargo, la creaci\u00f3n de la GN\u00a0fue producto de un impulso de la presente administraci\u00f3n.<\/p>\n<p>Ya que el presidente AMLO desconoce el trabajo ardua de construir.<\/p>\n<p>La creaci\u00f3n de la Guardia Nacional \u00bb ha sido producto de un impulso del presidente Andr\u00e9s Manuel L\u00f3pez Obrador.<\/p>\n<p>La pol\u00edtica de abrazos no balazos, implica en uno de sus elementos que no haya una confrontaci\u00f3n directa con los grupos criminales.<\/p>\n<p>Por el miedo que tiene el Gobierno, especialmente el Presidente\u201d, expres\u00f3 el director de Lantia Intelligencem Eduardo Guerrero.<\/p>\n<p>Cuando el mandatario mexicano decidi\u00f3 crear la Guardia Nacional fue acusado de militarizar la seguridad.<\/p>\n<p>Eso implicaba violar los derechos humanos, de manera masiva, L\u00f3pez Obrador<\/p>\n<p>\u201cHa ordenado de manera terminante que no se confronten las fuerzas de la Guardia\u201d<\/p>\n<p>\u201cQue de hecho se replieguen cuando haya presencia masiva de criminales\u201d, agreg\u00f3 Guerrero.<\/p>\n","protected":false},"excerpt":{"rendered":"<p>La cuesti\u00f3n de seguridad no es algo que se pueda resolver de la noche a la ma\u00f1ana. Analistas: Coincidieron analistas en el \u2018EF MeetPoint. Balazos m\u00e1s que abrazos: La inseguridad p\u00fablica en M\u00e9xico\u2019. La Guardia Nacional no ha podido detener avances del crimen organizado. Fue una \u201ctremenda equivocaci\u00f3n, un grave error\u201d la eliminaci\u00f3n de la [&hellip;]<\/p>\n","protected":false},"author":1,"featured_media":7338,"comment_status":"open","ping_status":"closed","sticky":false,"template":"","format":"standard","meta":{"footnotes":""},"categories":[7,8],"tags":[],"class_list":["post-7336","post","type-post","status-publish","format-standard","has-post-thumbnail","hentry","category-nacional","category-policia"],"_links":{"self":[{"href":"https:\/\/podernacional.com\/index.php?rest_route=\/wp\/v2\/posts\/7336","targetHints":{"allow":["GET"]}}],"collection":[{"href":"https:\/\/podernacional.com\/index.php?rest_route=\/wp\/v2\/posts"}],"about":[{"href":"https:\/\/podernacional.com\/index.php?rest_route=\/wp\/v2\/types\/post"}],"author":[{"embeddable":true,"href":"https:\/\/podernacional.com\/index.php?rest_route=\/wp\/v2\/users\/1"}],"replies":[{"embeddable":true,"href":"https:\/\/podernacional.com\/index.php?rest_route=%2Fwp%2Fv2%2Fcomments&post=7336"}],"version-history":[{"count":1,"href":"https:\/\/podernacional.com\/index.php?rest_route=\/wp\/v2\/posts\/7336\/revisions"}],"predecessor-version":[{"id":7337,"href":"https:\/\/podernacional.com\/index.php?rest_route=\/wp\/v2\/posts\/7336\/revisions\/7337"}],"wp:featuredmedia":[{"embeddable":true,"href":"https:\/\/podernacional.com\/index.php?rest_route=\/wp\/v2\/media\/7338"}],"wp:attachment":[{"href":"https:\/\/podernacional.com\/index.php?rest_route=%2Fwp%2Fv2%2Fmedia&parent=7336"}],"wp:term":[{"taxonomy":"category","embeddable":true,"href":"https:\/\/podernacional.com\/index.php?rest_route=%2Fwp%2Fv2%2Fcategories&post=7336"},{"taxonomy":"post_tag","embeddable":true,"href":"https:\/\/podernacional.com\/index.php?rest_route=%2Fwp%2Fv2%2Ftags&post=7336"}],"curies":[{"name":"wp","href":"https:\/\/api.w.org\/{rel}","templated":true}]}}