{"id":7339,"date":"2022-07-07T20:20:40","date_gmt":"2022-07-08T01:20:40","guid":{"rendered":"https:\/\/podernacional.com\/?p=7339"},"modified":"2022-07-08T01:20:41","modified_gmt":"2022-07-08T01:20:41","slug":"quintana-roo-se-mantendra-una-hora-adelantado-respecto-al-centro-del-pais","status":"publish","type":"post","link":"https:\/\/podernacional.com\/?p=7339","title":{"rendered":"Quintana Roo se mantendr\u00e1 una hora adelantado respecto al centro del pa\u00eds"},"content":{"rendered":"<h4>Carlos Joaqu\u00edn Gonz\u00e1lez expuso que en caso de aprobarse la desaparici\u00f3n del cambio de horario a nivel federal.<\/h4>\n<p>Hora adelantado: No afectar\u00e1 a la entidad, ya que permanecer\u00e1n con el mismo huso horario<\/p>\n<p>Canc\u00fan, QR. El gobernador, Carlos Joaqu\u00edn Gonz\u00e1lez, asegur\u00f3 que en caso de aprobarse la desaparici\u00f3n del cambio de horario a nivel federal.<\/p>\n<p>No afectar\u00e1 a la entidad, que seguir\u00e1 adelantado una hora respecto del centro del pa\u00eds.<\/p>\n<p>\u201cEn Quintana Roo no se aplica el horario de verano. Ante la posibilidad de retirar este horario en M\u00e9xico\u201d.<\/p>\n<p>No habr\u00eda modificaciones en el horario de nuestro estado, permanecer\u00edamos una hora adelante del centro del pa\u00eds\u201d, expuso el mandatario.<\/p>\n<p>Record\u00f3 que cuando la medida se adopt\u00f3 en el estado, hace siete a\u00f1os.<\/p>\n<p>Se hizo con el objetivo de tener por lo menos una hora m\u00e1s de luz para diversas actividades en el estado.<\/p>\n<p>Joaqu\u00edn Gonz\u00e1lez record\u00f3 que el estado no tiene horario de verano, pues se mantiene el mismo horario todo el a\u00f1o.<\/p>\n<p>Por lo que al adelantar los relojes el resto de los estados no alcanzan durante los meses de verano.<\/p>\n<p>Desde el 2015 se instaur\u00f3 en Quintana Roo un huso horario que adelant\u00f3 las manecillas del reloj una hora.<\/p>\n<p>De manera permanente en toda la entidad respecto de la hora adelantado conforme al centro del pa\u00eds.<\/p>\n<p>Desde entonces, mientras en el resto de la Rep\u00fablica se adelanta una hora el reloj en abril y se retrasa una hora en octubre.<\/p>\n<p>QuintanaRoo no mueve su horario, manteni\u00e9ndose al menos durante lo que se conoce como horario de verano una hora adelantada respecto del resto del pa\u00eds.<\/p>\n<p>&nbsp;<\/p>\n<h4>La modificaci\u00f3n se propuso insistentemente desde mucho antes por empresarios hoteleros.<\/h4>\n<p>Cuya cabeza visible fue Cristina Alcayaga, exdiputada federal por el Partido Revolucionario Institucional (PRI).<\/p>\n<p>Entre las bondades del nuevo horario se mencion\u00f3<\/p>\n<p>\u201cla sensible baja en la facturaci\u00f3n por energ\u00eda el\u00e9ctrica para las m\u00e1s de 80,000 habitaciones de Canc\u00fan y la Riviera Maya\u201d<\/p>\n<p>\u201cUn ahorro de energ\u00eda de entre 21, 285 y 23,454 megawatts hora para el sector industrial y comercia.<\/p>\n<p>Ademas de 11 megawatts por hora de energ\u00eda el\u00e9ctrica en los recibos de luz del sector dom\u00e9stico.<\/p>\n<p>Se asegur\u00f3 adem\u00e1s una mayor agilidad para las transacciones bancarias, cierres de operaciones y viajes internacionales.<\/p>\n<p>Pues la alineaci\u00f3n con el horario de la costa Este de Estados Unidos permitir\u00eda menores tiempos de interconexi\u00f3n.<\/p>\n<p>Con ocho aeropuertos de Canad\u00e1 y 22 en los Estados Unidos.<\/p>\n<p>Ampliaci\u00f3n de las actividades comerciales y tur\u00edsticas y la posibilidad de incrementar la derrama tur\u00edstica y el gasto del turismo.<\/p>\n<p>Siete a\u00f1os despu\u00e9s no existe ninguna evaluaci\u00f3n o seguimiento puntual que corroboren o desmientan esos beneficios.<\/p>\n<p>Sin embargo, se abre la posibilidad de que se elimine este horario, seg\u00fan lo anunciado por el presidente, Andr\u00e9s Manuel L\u00f3pez Obrador.<\/p>\n<p>En su conferencia ma\u00f1anera del pasado lunes 1 de junio.<\/p>\n<p>Ratificado este mi\u00e9rcoles 6 de julio en que la iniciativa fue firmada por el presidente y enviada al Congreso.<\/p>\n","protected":false},"excerpt":{"rendered":"<p>Carlos Joaqu\u00edn Gonz\u00e1lez expuso que en caso de aprobarse la desaparici\u00f3n del cambio de horario a nivel federal. Hora adelantado: No afectar\u00e1 a la entidad, ya que permanecer\u00e1n con el mismo huso horario Canc\u00fan, QR. El gobernador, Carlos Joaqu\u00edn Gonz\u00e1lez, asegur\u00f3 que en caso de aprobarse la desaparici\u00f3n del cambio de horario a nivel federal. [&hellip;]<\/p>\n","protected":false},"author":1,"featured_media":7341,"comment_status":"open","ping_status":"closed","sticky":false,"template":"","format":"standard","meta":{"footnotes":""},"categories":[6,10],"tags":[],"class_list":["post-7339","post","type-post","status-publish","format-standard","has-post-thumbnail","hentry","category-local","category-quintana-roo"],"_links":{"self":[{"href":"https:\/\/podernacional.com\/index.php?rest_route=\/wp\/v2\/posts\/7339","targetHints":{"allow":["GET"]}}],"collection":[{"href":"https:\/\/podernacional.com\/index.php?rest_route=\/wp\/v2\/posts"}],"about":[{"href":"https:\/\/podernacional.com\/index.php?rest_route=\/wp\/v2\/types\/post"}],"author":[{"embeddable":true,"href":"https:\/\/podernacional.com\/index.php?rest_route=\/wp\/v2\/users\/1"}],"replies":[{"embeddable":true,"href":"https:\/\/podernacional.com\/index.php?rest_route=%2Fwp%2Fv2%2Fcomments&post=7339"}],"version-history":[{"count":1,"href":"https:\/\/podernacional.com\/index.php?rest_route=\/wp\/v2\/posts\/7339\/revisions"}],"predecessor-version":[{"id":7340,"href":"https:\/\/podernacional.com\/index.php?rest_route=\/wp\/v2\/posts\/7339\/revisions\/7340"}],"wp:featuredmedia":[{"embeddable":true,"href":"https:\/\/podernacional.com\/index.php?rest_route=\/wp\/v2\/media\/7341"}],"wp:attachment":[{"href":"https:\/\/podernacional.com\/index.php?rest_route=%2Fwp%2Fv2%2Fmedia&parent=7339"}],"wp:term":[{"taxonomy":"category","embeddable":true,"href":"https:\/\/podernacional.com\/index.php?rest_route=%2Fwp%2Fv2%2Fcategories&post=7339"},{"taxonomy":"post_tag","embeddable":true,"href":"https:\/\/podernacional.com\/index.php?rest_route=%2Fwp%2Fv2%2Ftags&post=7339"}],"curies":[{"name":"wp","href":"https:\/\/api.w.org\/{rel}","templated":true}]}}