{"id":7342,"date":"2022-07-07T20:23:21","date_gmt":"2022-07-08T01:23:21","guid":{"rendered":"https:\/\/podernacional.com\/?p=7342"},"modified":"2022-07-08T01:23:22","modified_gmt":"2022-07-08T01:23:22","slug":"covid-19-en-mexico-se-reportan-32295-contagios-cifra-mas-alta-de-la-quinta-ola","status":"publish","type":"post","link":"https:\/\/podernacional.com\/?p=7342","title":{"rendered":"COVID-19 en M\u00e9xico: Se reportan 32,295 contagios, cifra m\u00e1s alta de la quinta ola"},"content":{"rendered":"<h4>La Secretar\u00eda de Salud report\u00f3 204 mil 367 casos activos estimados de COVID-19 al corte de este jueves en M\u00e9xico.<\/h4>\n<p>Contagios: As\u00ed como 48 muertes a causa del virus.<\/p>\n<p>M\u00e9xico est\u00e1 volviendo a presentar cifras de contagios diarios de COVID-19 similares a las de enero y febrero<\/p>\n<p>En las \u00faltimas 24 horas, M\u00e9xico report\u00f3 32 mil 295 contagios y 48 muertes por COVID-19.<\/p>\n<p>La \u00faltima vez que M\u00e9xico report\u00f3 una cifra mayor de contagios en un d\u00eda fue el 10 de febrero de este a\u00f1o.<\/p>\n<p>De acuerdo con el informe t\u00e9cnico de la Secretar\u00eda de Salud, al corte de este jueves 7 de julio.<\/p>\n<p>El pa\u00eds acumula 6 millones 185 mil 219 casos positivos y 325 mil 976 defunciones a causa de COVID.<\/p>\n<p>La dependencia detall\u00f3 que, hasta este d\u00eda, se tienen detectados 204 mil 367 casos activos de COVID-19.<\/p>\n<p>Mismos que se encuentran de manera predominante en las siguientes entidades:<\/p>\n<p>Ciudad de M\u00e9xico, Baja California Sur, Quintana Roo, Colima Sinaloa, Yucat\u00e1n, Quer\u00e9taro, Nuevo Le\u00f3n, Nayarit y Tabasco.<\/p>\n<p>Se consideran casos activos a aquellos positivos que iniciaron s\u00edntomas en los \u00faltimos 14 d\u00edas.<\/p>\n<p>Permitiendo identificar d\u00f3nde hay mayor actividad viral y aumento en la transmisi\u00f3n del virus.<\/p>\n<p>M\u00e9xico tuvo un incremento de casi 20 mil casos activos estimados de COVID en las \u00faltimas 24 horas.<\/p>\n<p>Pasando de 185 mil a 204 mil entre este mi\u00e9rcoles y jueves.<\/p>\n<p>Sobre los casos confirmados acumulados por estado, las 10 primeras entidades que acumulan el mayor n\u00famero de casos son:<\/p>\n<p>Ciudad de M\u00e9xico, Estado de M\u00e9xico, Nuevo Le\u00f3n, Guanajuato, Jalisco, San Luis Potos\u00ed, Tabasco, Veracruz, Puebla y Sonora, que en conjunto conforman el 65%.<\/p>\n<p>En las \u00faltimas cinco semanas, la mayor parte de los casos est\u00e1n presentes en los grupos de 18 a 29 a\u00f1os.<\/p>\n<p>Seguido del grupo de 30 a 39 a\u00f1os y 40 a 49 a\u00f1os.<\/p>\n<p>El pasado mi\u00e9rcoles 29 de junio, M\u00e9xico super\u00f3 los seis millones de contagios de COVID-19.<\/p>\n<p>Luego de dos a\u00f1os y cuatro meses de haberse confirmado el primer caso en el pa\u00eds.<\/p>\n<p>Esto de acuerdo con las cifras de la Secretar\u00eda de Salud.<\/p>\n","protected":false},"excerpt":{"rendered":"<p>La Secretar\u00eda de Salud report\u00f3 204 mil 367 casos activos estimados de COVID-19 al corte de este jueves en M\u00e9xico. Contagios: As\u00ed como 48 muertes a causa del virus. M\u00e9xico est\u00e1 volviendo a presentar cifras de contagios diarios de COVID-19 similares a las de enero y febrero En las \u00faltimas 24 horas, M\u00e9xico report\u00f3 32 [&hellip;]<\/p>\n","protected":false},"author":1,"featured_media":7344,"comment_status":"open","ping_status":"closed","sticky":false,"template":"","format":"standard","meta":{"footnotes":""},"categories":[7,11],"tags":[],"class_list":["post-7342","post","type-post","status-publish","format-standard","has-post-thumbnail","hentry","category-nacional","category-salud"],"_links":{"self":[{"href":"https:\/\/podernacional.com\/index.php?rest_route=\/wp\/v2\/posts\/7342","targetHints":{"allow":["GET"]}}],"collection":[{"href":"https:\/\/podernacional.com\/index.php?rest_route=\/wp\/v2\/posts"}],"about":[{"href":"https:\/\/podernacional.com\/index.php?rest_route=\/wp\/v2\/types\/post"}],"author":[{"embeddable":true,"href":"https:\/\/podernacional.com\/index.php?rest_route=\/wp\/v2\/users\/1"}],"replies":[{"embeddable":true,"href":"https:\/\/podernacional.com\/index.php?rest_route=%2Fwp%2Fv2%2Fcomments&post=7342"}],"version-history":[{"count":1,"href":"https:\/\/podernacional.com\/index.php?rest_route=\/wp\/v2\/posts\/7342\/revisions"}],"predecessor-version":[{"id":7343,"href":"https:\/\/podernacional.com\/index.php?rest_route=\/wp\/v2\/posts\/7342\/revisions\/7343"}],"wp:featuredmedia":[{"embeddable":true,"href":"https:\/\/podernacional.com\/index.php?rest_route=\/wp\/v2\/media\/7344"}],"wp:attachment":[{"href":"https:\/\/podernacional.com\/index.php?rest_route=%2Fwp%2Fv2%2Fmedia&parent=7342"}],"wp:term":[{"taxonomy":"category","embeddable":true,"href":"https:\/\/podernacional.com\/index.php?rest_route=%2Fwp%2Fv2%2Fcategories&post=7342"},{"taxonomy":"post_tag","embeddable":true,"href":"https:\/\/podernacional.com\/index.php?rest_route=%2Fwp%2Fv2%2Ftags&post=7342"}],"curies":[{"name":"wp","href":"https:\/\/api.w.org\/{rel}","templated":true}]}}