{"id":7345,"date":"2022-07-07T20:25:17","date_gmt":"2022-07-08T01:25:17","guid":{"rendered":"https:\/\/podernacional.com\/?p=7345"},"modified":"2022-07-08T01:25:18","modified_gmt":"2022-07-08T01:25:18","slug":"amlo-apoya-una-politica-migratoria-atrevida-ante-crisis-global","status":"publish","type":"post","link":"https:\/\/podernacional.com\/?p=7345","title":{"rendered":"AMLO apoya una pol\u00edtica migratoria atrevida ante crisis global"},"content":{"rendered":"<h4>La regularizaci\u00f3n de los flujos migratorios en la regi\u00f3n ser\u00e1 un tema central que colocar\u00e1 M\u00e9xico en el encuentro en la Casa Blanca.<\/h4>\n<p>Pol\u00edtica migratoria: Sostuvo el presidente Andr\u00e9s Manuel L\u00f3pez Obrador.<\/p>\n<p>\u201cVamos a legalizar la contrataci\u00f3n de trabajadores\u201d.<\/p>\n<p>\u201cQue no sea un asunto de particulares, de traficantes de personas, de polleros, de empleadores sin escr\u00fapulos, sino que sea un asunto de gobiernos\u201d.<\/p>\n<p>Durante su conferencia matutina en Palacio Nacional, el titular del Poder Ejecutivo consider\u00f3 que es momento de tomar decisiones\u201d<\/p>\n<p>As\u00ed como de adoptar pol\u00edticas atrevidas para enfrentar esta situaci\u00f3n, porque de lo contrario dif\u00edcilmente se va a modificar la situaci\u00f3n actual.<\/p>\n<p>\u201cNo, hay que transformar\u201d.<\/p>\n<p>\u201cSi se va a seguir con la misma pol\u00edtica de siempre, pues va a continuar la decadencia, es un proceso de degradaci\u00f3n progresiva\u201d.<\/p>\n<p>Aunque no quiso entrar en detalles en torno al planteamiento que llevar\u00e1 ante el presidente Joe Biden.<\/p>\n<p>A\u00a0quien, reiter\u00f3, le tiene mucha confianza, le sugerir\u00e1 concretar mayor integraci\u00f3n de ambos pa\u00edses con respeto a la soberan\u00eda, porque \u201cintegraci\u00f3n no significa sometimiento\u201d.<\/p>\n<p>A su juicio M\u00e9xico y Estados Unidos se pueden entender para afrontar la situaci\u00f3n migratoria.<\/p>\n<p>Sobre la premisa de que comparten 3 mil 180 kil\u00f3metros de frontera y en el pa\u00eds del norte residen 38 millones de personas mexicanas.<\/p>\n<p>Reiter\u00f3 que existe compatibilidad en necesidades, puesto que Estados Unidos enfrenta un d\u00e9ficit de fuerza de trabajo.<\/p>\n<p>Lo cual har\u00eda viable que prosperara la propuesta mexicana del otorgamiento de visas temporales de trabajo.<\/p>\n<p>Que no \u00fanicamente beneficien a campesinos y obreros mexicanos, sino incluso a profesionales.<\/p>\n<p>&nbsp;<\/p>\n<h4>Resolver el problema a corto plazo<\/h4>\n<p>El Presidente asever\u00f3 que sin una pol\u00edtica atrevida en materia migratoria no se resolver\u00e1 el problema en el corto plazo.<\/p>\n<p>Ni se obtendr\u00e1 el respaldo de la gente de ambas naciones.<\/p>\n<p>\u201cSon momentos de tomar decisiones, es una crisis mundial y hacen falta tomar decisiones. }<\/p>\n<p>Y qu\u00e9 voy a estar pensando en Bob Men\u00e9ndez\u2026 \u00bfO c\u00f3mo es?\u201d<\/p>\n<p>Record\u00f3 que en EEUU\u00a0ha habido episodios en su historia en los que hubo quienes apostaron por medidas audaces como el caso de Franklin Roosevelt.<\/p>\n<p>En el contexto de la Segunda Guerra Mundial.<\/p>\n<p>Le toc\u00f3 enfrentar la crisis econ\u00f3mica y cambi\u00f3 la pol\u00edtica, a pesar de lo cual sac\u00f3 a su pueblo de la crisis.<\/p>\n<p>Con esto\u00a0recuper\u00f3 la confianza de muchos en que hab\u00eda futuro en esa gran naci\u00f3n, pero fortaleci\u00f3 al sector p\u00fablico, impuls\u00f3 la actividad productiva.<\/p>\n<p>As\u00ed como estableci\u00f3 una medida que los conservadores dir\u00edan que es populismo.<\/p>\n","protected":false},"excerpt":{"rendered":"<p>La regularizaci\u00f3n de los flujos migratorios en la regi\u00f3n ser\u00e1 un tema central que colocar\u00e1 M\u00e9xico en el encuentro en la Casa Blanca. Pol\u00edtica migratoria: Sostuvo el presidente Andr\u00e9s Manuel L\u00f3pez Obrador. \u201cVamos a legalizar la contrataci\u00f3n de trabajadores\u201d. \u201cQue no sea un asunto de particulares, de traficantes de personas, de polleros, de empleadores sin [&hellip;]<\/p>\n","protected":false},"author":1,"featured_media":7347,"comment_status":"open","ping_status":"closed","sticky":false,"template":"","format":"standard","meta":{"footnotes":""},"categories":[7,9],"tags":[],"class_list":["post-7345","post","type-post","status-publish","format-standard","has-post-thumbnail","hentry","category-nacional","category-politica"],"_links":{"self":[{"href":"https:\/\/podernacional.com\/index.php?rest_route=\/wp\/v2\/posts\/7345","targetHints":{"allow":["GET"]}}],"collection":[{"href":"https:\/\/podernacional.com\/index.php?rest_route=\/wp\/v2\/posts"}],"about":[{"href":"https:\/\/podernacional.com\/index.php?rest_route=\/wp\/v2\/types\/post"}],"author":[{"embeddable":true,"href":"https:\/\/podernacional.com\/index.php?rest_route=\/wp\/v2\/users\/1"}],"replies":[{"embeddable":true,"href":"https:\/\/podernacional.com\/index.php?rest_route=%2Fwp%2Fv2%2Fcomments&post=7345"}],"version-history":[{"count":1,"href":"https:\/\/podernacional.com\/index.php?rest_route=\/wp\/v2\/posts\/7345\/revisions"}],"predecessor-version":[{"id":7346,"href":"https:\/\/podernacional.com\/index.php?rest_route=\/wp\/v2\/posts\/7345\/revisions\/7346"}],"wp:featuredmedia":[{"embeddable":true,"href":"https:\/\/podernacional.com\/index.php?rest_route=\/wp\/v2\/media\/7347"}],"wp:attachment":[{"href":"https:\/\/podernacional.com\/index.php?rest_route=%2Fwp%2Fv2%2Fmedia&parent=7345"}],"wp:term":[{"taxonomy":"category","embeddable":true,"href":"https:\/\/podernacional.com\/index.php?rest_route=%2Fwp%2Fv2%2Fcategories&post=7345"},{"taxonomy":"post_tag","embeddable":true,"href":"https:\/\/podernacional.com\/index.php?rest_route=%2Fwp%2Fv2%2Ftags&post=7345"}],"curies":[{"name":"wp","href":"https:\/\/api.w.org\/{rel}","templated":true}]}}