{"id":7366,"date":"2022-07-08T20:39:00","date_gmt":"2022-07-09T01:39:00","guid":{"rendered":"https:\/\/podernacional.com\/?p=7366"},"modified":"2022-07-09T01:39:01","modified_gmt":"2022-07-09T01:39:01","slug":"festival-de-alvarado-en-cancun-cobra-nueva-vida","status":"publish","type":"post","link":"https:\/\/podernacional.com\/?p=7366","title":{"rendered":"Festival de Alvarado en Canc\u00fan cobra nueva vida"},"content":{"rendered":"<h4>Guayabera, paliacate rojo con anillo, sobrero de cuatro pedradas y a tirar rostro al Parque de las Palapas con el festival Ven y Vive Alvarado en Canc\u00fan.<\/h4>\n<p>Festival de Alvarado : Organizadores echar\u00e1n la casa por la ventana para mostra la cultura alvarade\u00f1a.<\/p>\n<p>Detenido por la pandemia el evento que enaltece y comparte con los cancunenses la rica cultura alvadore\u00f1a.<\/p>\n<p>Regresa al Parque de las Palapas con un interesante programa de actividades que muestra lo mejor de esta ciudad veracruzana.<\/p>\n<p>\u00abDentro de las m\u00faltiples fiestas que tenemos en el a\u00f1o, de la virgen del Rosario en octubre hay una parte que se llama encierro de burros\u201d.<\/p>\n<p>\u201cEs un cabalgata chusca donde hombres se visten de mujer y hacen un desfile\u201d.<\/p>\n<p>Es una emulaci\u00f3n, una s\u00e1tira que hac\u00edan los pobladores pobres de Alvarado a las cabalgatas de los ricos.<\/p>\n<p>Tiene muchos a\u00f1os que se celebra anualmente hasta la pandemia y ahora lo retomaremos\u00bb, dijo Jorge Luis,\u00a0miembro del comit\u00e9 organizador de la comunidad alvarade\u00f1a.<\/p>\n<p>&nbsp;<\/p>\n<h4>Arrancando con el grupo de danzoneros de Canc\u00fan.<\/h4>\n<p>Inicia esta verbena que ense\u00f1a parte de la cultura de los m\u00e1s de cinco mil alvaradore\u00f1os que habitan en Canc\u00fan.<\/p>\n<p>Sara Cruz es Alvarade\u00f1a y orgullosa muestra sus tradiciones para deleite de los m\u00e1s de 5 mil alvarade\u00f1os que viven en Canc\u00fan.<\/p>\n<p>\u00abVienen ni\u00f1os y j\u00f3venes que conforman el ballet folcl\u00f3rico Atlizintla, teniendo\u00a0m\u00e1s de 30 a\u00f1os de su fundaci\u00f3n, viene el grupo musical de Nicol\u00e1s Ventura\u201d.<\/p>\n<p>\u201c\u00c9l acompa\u00f1\u00f3 al ballet de Amalia Hern\u00e1ndez, \u00a0Carlos Alonso, un decimero maravilloso, es un hombre muy talentoso\u201d.<\/p>\n<p>La d\u00e9cima es un verso que lleva una m\u00e9trica y lo acompa\u00f1a el son jarocho y \u00e9l es un genio haciendo d\u00e9cimas.<\/p>\n<p>El espect\u00e1culo que se va a presentar es garantizado, este s\u00e1bado a partir de las 6 de la tarde, con todas las medidas sanitarias para cuidar a los asistentes.<\/p>\n<p>Comparti\u00f3 Sara Cruz Murillo, organizadora y orgullosa alvaradore\u00f1a.<\/p>\n<p>Adem\u00e1s de los espect\u00e1culos art\u00edsticos se mostrar\u00e1n las diferentes tradiciones del puerto como:<\/p>\n<p>El bailable Cruces de Mayo, las Mojigangas, el encierro de burros, la rama, el portalito, el pobre viejo y muchas m\u00e1s.<\/p>\n<p>Obviamente la cultura gastron\u00f3mica no podr\u00eda faltar.<\/p>\n<p>Es por eso que se preparar\u00e1n varias pailas de arroz a la tumbada para compartir con 4 mil 500 asistentes.<\/p>\n<p>Los cuales\u00a0viajan de otras partes de la rep\u00fablica para vivir esta gran experiencia cultural.<\/p>\n","protected":false},"excerpt":{"rendered":"<p>Guayabera, paliacate rojo con anillo, sobrero de cuatro pedradas y a tirar rostro al Parque de las Palapas con el festival Ven y Vive Alvarado en Canc\u00fan. Festival de Alvarado : Organizadores echar\u00e1n la casa por la ventana para mostra la cultura alvarade\u00f1a. Detenido por la pandemia el evento que enaltece y comparte con los [&hellip;]<\/p>\n","protected":false},"author":1,"featured_media":7368,"comment_status":"open","ping_status":"closed","sticky":false,"template":"","format":"standard","meta":{"footnotes":""},"categories":[6,10],"tags":[],"class_list":["post-7366","post","type-post","status-publish","format-standard","has-post-thumbnail","hentry","category-local","category-quintana-roo"],"_links":{"self":[{"href":"https:\/\/podernacional.com\/index.php?rest_route=\/wp\/v2\/posts\/7366","targetHints":{"allow":["GET"]}}],"collection":[{"href":"https:\/\/podernacional.com\/index.php?rest_route=\/wp\/v2\/posts"}],"about":[{"href":"https:\/\/podernacional.com\/index.php?rest_route=\/wp\/v2\/types\/post"}],"author":[{"embeddable":true,"href":"https:\/\/podernacional.com\/index.php?rest_route=\/wp\/v2\/users\/1"}],"replies":[{"embeddable":true,"href":"https:\/\/podernacional.com\/index.php?rest_route=%2Fwp%2Fv2%2Fcomments&post=7366"}],"version-history":[{"count":1,"href":"https:\/\/podernacional.com\/index.php?rest_route=\/wp\/v2\/posts\/7366\/revisions"}],"predecessor-version":[{"id":7367,"href":"https:\/\/podernacional.com\/index.php?rest_route=\/wp\/v2\/posts\/7366\/revisions\/7367"}],"wp:featuredmedia":[{"embeddable":true,"href":"https:\/\/podernacional.com\/index.php?rest_route=\/wp\/v2\/media\/7368"}],"wp:attachment":[{"href":"https:\/\/podernacional.com\/index.php?rest_route=%2Fwp%2Fv2%2Fmedia&parent=7366"}],"wp:term":[{"taxonomy":"category","embeddable":true,"href":"https:\/\/podernacional.com\/index.php?rest_route=%2Fwp%2Fv2%2Fcategories&post=7366"},{"taxonomy":"post_tag","embeddable":true,"href":"https:\/\/podernacional.com\/index.php?rest_route=%2Fwp%2Fv2%2Ftags&post=7366"}],"curies":[{"name":"wp","href":"https:\/\/api.w.org\/{rel}","templated":true}]}}