{"id":7378,"date":"2022-07-08T20:53:02","date_gmt":"2022-07-09T01:53:02","guid":{"rendered":"https:\/\/podernacional.com\/?p=7378"},"modified":"2022-07-09T01:53:04","modified_gmt":"2022-07-09T01:53:04","slug":"solidaridad-de-nueva-cuenta-primer-destino-turistico-de-quintana-roo","status":"publish","type":"post","link":"https:\/\/podernacional.com\/?p=7378","title":{"rendered":"Solidaridad de nueva cuenta primer destino tur\u00edstico de Quintana Roo"},"content":{"rendered":"<h4>Solidaridad se ubicar\u00e1 como el destino tur\u00edstico m\u00e1s visitado de Quintana Roo.<\/h4>\n<p>Solidaridad : Durante este verano, Solidaridad se ubicar\u00e1 como el destino tur\u00edstico m\u00e1s visitado de Quintana Roo.<\/p>\n<p>Puesto que tendr\u00e1n ocupaciones en hoteles de entre el 85 y 90 por ciento.<\/p>\n<p>As\u00ed lo indic\u00f3 la presidenta municipal Lili Campos, al exponer que hay un crecimiento sostenido en el turismo.<\/p>\n<p>Ademas de verse reflejando en la ciudad, ya que tan solo en el per\u00edodo vacacional que est\u00e1 por comenzar esperan cerca de 350 mil visitantes.<\/p>\n<p>\u201cLos cerca de 350 mil visitantes que este verano arribar\u00e1n tan s\u00f3lo a Solidaridad confirman que la recuperaci\u00f3n y crecimiento econ\u00f3mico es una realidad\u201d.<\/p>\n<p>\u201cSuperaremos las cifras del 2019, antes de la pandemia. Estamos listos para recibirlos, a nacionales y extranjeros\u201d.<\/p>\n<p>Solidaridad de nueva cuenta primer destino tur\u00edstico de Quintana Roo<\/p>\n<p>Al respecto, la secretaria municipal de Turismo, Samaria Angulo Sala, estim\u00f3 que el \u00e9xito de Semana Santa se repetir\u00e1.<\/p>\n<p>Por ello, anticip\u00f3 una buena temporada como resultado del trabajo integral para garantizar la seguridad, la limpieza de playas.<\/p>\n<p>As\u00ed como\u00a0una c\u00e1lida bienvenida para visitantes de Europa, Estados Unidos, Canad\u00e1, entre otros.<\/p>\n<p>Dijo que de acuerdo con datos de la Secretar\u00eda de Turismo estatal.<\/p>\n<p>De los 3 millones 500 mil viajeros que se esperan en Quintana Roo entre julio y agosto.<\/p>\n<p>Alrededor de un mill\u00f3n 400 mil arribar\u00edan a la Riviera Maya, de los cuales para Playa del Carmen la estimaci\u00f3n es de 350 mil visitantes.<\/p>\n<p>Con estas cifras insisti\u00f3 que se estar\u00e1n superando los registros de 2019.<\/p>\n<p>Antes de la pandemia que ocasion\u00f3 el confinamiento y con ello la restricci\u00f3n en diversas actividades.<\/p>\n<p>En otros datos, Dar\u00edo Flota Ocampo, director del Consejo de Promoci\u00f3n Tur\u00edstica de Quintana Roo (CPTQ).<\/p>\n<p>Hab\u00eda declarado que para la temporada de verano, Quintana Roo tendr\u00e1 conexi\u00f3n con 44 ciudades de Estados Unidos.<\/p>\n<p>Un n\u00famero hist\u00f3rico pues antes de la pandemia el m\u00e1ximo era de 33.<\/p>\n","protected":false},"excerpt":{"rendered":"<p>Solidaridad se ubicar\u00e1 como el destino tur\u00edstico m\u00e1s visitado de Quintana Roo. Solidaridad : Durante este verano, Solidaridad se ubicar\u00e1 como el destino tur\u00edstico m\u00e1s visitado de Quintana Roo. Puesto que tendr\u00e1n ocupaciones en hoteles de entre el 85 y 90 por ciento. As\u00ed lo indic\u00f3 la presidenta municipal Lili Campos, al exponer que hay [&hellip;]<\/p>\n","protected":false},"author":1,"featured_media":7380,"comment_status":"open","ping_status":"closed","sticky":false,"template":"","format":"standard","meta":{"footnotes":""},"categories":[6,10],"tags":[],"class_list":["post-7378","post","type-post","status-publish","format-standard","has-post-thumbnail","hentry","category-local","category-quintana-roo"],"_links":{"self":[{"href":"https:\/\/podernacional.com\/index.php?rest_route=\/wp\/v2\/posts\/7378","targetHints":{"allow":["GET"]}}],"collection":[{"href":"https:\/\/podernacional.com\/index.php?rest_route=\/wp\/v2\/posts"}],"about":[{"href":"https:\/\/podernacional.com\/index.php?rest_route=\/wp\/v2\/types\/post"}],"author":[{"embeddable":true,"href":"https:\/\/podernacional.com\/index.php?rest_route=\/wp\/v2\/users\/1"}],"replies":[{"embeddable":true,"href":"https:\/\/podernacional.com\/index.php?rest_route=%2Fwp%2Fv2%2Fcomments&post=7378"}],"version-history":[{"count":1,"href":"https:\/\/podernacional.com\/index.php?rest_route=\/wp\/v2\/posts\/7378\/revisions"}],"predecessor-version":[{"id":7379,"href":"https:\/\/podernacional.com\/index.php?rest_route=\/wp\/v2\/posts\/7378\/revisions\/7379"}],"wp:featuredmedia":[{"embeddable":true,"href":"https:\/\/podernacional.com\/index.php?rest_route=\/wp\/v2\/media\/7380"}],"wp:attachment":[{"href":"https:\/\/podernacional.com\/index.php?rest_route=%2Fwp%2Fv2%2Fmedia&parent=7378"}],"wp:term":[{"taxonomy":"category","embeddable":true,"href":"https:\/\/podernacional.com\/index.php?rest_route=%2Fwp%2Fv2%2Fcategories&post=7378"},{"taxonomy":"post_tag","embeddable":true,"href":"https:\/\/podernacional.com\/index.php?rest_route=%2Fwp%2Fv2%2Ftags&post=7378"}],"curies":[{"name":"wp","href":"https:\/\/api.w.org\/{rel}","templated":true}]}}