{"id":7384,"date":"2022-07-09T19:10:20","date_gmt":"2022-07-10T00:10:20","guid":{"rendered":"https:\/\/podernacional.com\/?p=7384"},"modified":"2022-07-10T00:10:21","modified_gmt":"2022-07-10T00:10:21","slug":"ministerio-de-cultura-de-ucrania-cree-necesario-prohibir-la-importacion-de-libros-desde-rusia","status":"publish","type":"post","link":"https:\/\/podernacional.com\/?p=7384","title":{"rendered":"Ministerio de Cultura de Ucrania cree necesario prohibir la importaci\u00f3n de libros desde Rusia"},"content":{"rendered":"<h4>El Ministerio de Cultura de Ucrania cree necesario prohibir no s\u00f3lo cualquier material art\u00edstico y cultural en ruso.<\/h4>\n<p>Ucrania: Sino tambi\u00e9n los libros que llegan desde Rusia en cualquier otro idioma, se\u00f1al\u00f3 el ministro de esta cartera, Oleksander Tkachenko.<\/p>\n<p>\u201cMe gustar\u00eda explicar la posici\u00f3n del Ministerio de Cultura. Estamos a favor de prohibir la importaci\u00f3n de cualquier producto, no s\u00f3lo en idioma ruso\u201d.<\/p>\n<p>\u201cSino tambi\u00e9n de aquellos libros del territorio de la Federaci\u00f3n rusa\u201d, dijo, seg\u00fan la agencia de noticias Ukrinform.<\/p>\n<p>Oleksander Tkachenko confirm\u00f3 la existencia de las llamadas \u201clistas blancas\u201d formadas por artistas rusos que condenan la invasi\u00f3n de su pa\u00eds a Ucrania.<\/p>\n<p>As\u00ed como\u00a0de \u201clistas negras\u201d de aquellos que no han mostrado rechazo o bien han defendido lo que el presidente Vladimir Putin ha definido como:<\/p>\n<p>\u201cOperaci\u00f3n especial\u201d.<\/p>\n<p>Nuestra posici\u00f3n es que la elaboraci\u00f3n de \u201clistas negras\u201d deben ser realizadas por el SBU (Servicio de Seguridad de Ucrania).<\/p>\n<p>En consecuencia, debe incluir todos los \u00e1mbitos, no uno, como ahora el cine, sino tambi\u00e9n en el de la m\u00fasica, o la producci\u00f3n de libros.<\/p>\n<p>\u00abPara que no haya diferentes lecturas y diferentes interpretaciones\u201d, manifest\u00f3.<\/p>\n<p>Para Tkachenko ser\u00eda m\u00e1s f\u00e1cil formar s\u00f3lo \u201clistas negras\u201d, ya\u00a0que es \u201ccomplicar\u201d el asunto elaborar otro cat\u00e1logo con los artistas permitidos por Kiev.<\/p>\n<p>\u201cHay \u2018listas negras\u2019, quienes no est\u00e1n en ellas, pueden seguir trabajando\u201d, indic\u00f3 el encargado de la Cultura en Ucrania.<\/p>\n<p>El pasado 19 de junio, el Parlamento de Ucrania prohibi\u00f3 la importaci\u00f3n de libros en idioma ruso procedentes de Rusia y Bielorrusia.<\/p>\n<p>As\u00ed como la reproducci\u00f3n de m\u00fasica en ese idioma o elaborada por artistas con pasaporte ruso en espacios p\u00fablicos y medios de comunicaci\u00f3n.<\/p>\n<p>Las medidas van en consonancia con las intenciones de las autoridades ucranias de retirar.<\/p>\n<p>Tambi\u00e9n de los planes de estudio las obras literarias de autores rusos y sovi\u00e9ticos (no ucranios).<\/p>\n<p>Como Leon Tolstoi, Fiodor Dostoyevski, o Alexander Pushkin, tal y como adelantaron algunos medios de comunicaci\u00f3n hace un mes.<\/p>\n","protected":false},"excerpt":{"rendered":"<p>El Ministerio de Cultura de Ucrania cree necesario prohibir no s\u00f3lo cualquier material art\u00edstico y cultural en ruso. Ucrania: Sino tambi\u00e9n los libros que llegan desde Rusia en cualquier otro idioma, se\u00f1al\u00f3 el ministro de esta cartera, Oleksander Tkachenko. \u201cMe gustar\u00eda explicar la posici\u00f3n del Ministerio de Cultura. Estamos a favor de prohibir la importaci\u00f3n [&hellip;]<\/p>\n","protected":false},"author":1,"featured_media":7386,"comment_status":"open","ping_status":"closed","sticky":false,"template":"","format":"standard","meta":{"footnotes":""},"categories":[2,5],"tags":[],"class_list":["post-7384","post","type-post","status-publish","format-standard","has-post-thumbnail","hentry","category-cultural","category-internacional"],"_links":{"self":[{"href":"https:\/\/podernacional.com\/index.php?rest_route=\/wp\/v2\/posts\/7384","targetHints":{"allow":["GET"]}}],"collection":[{"href":"https:\/\/podernacional.com\/index.php?rest_route=\/wp\/v2\/posts"}],"about":[{"href":"https:\/\/podernacional.com\/index.php?rest_route=\/wp\/v2\/types\/post"}],"author":[{"embeddable":true,"href":"https:\/\/podernacional.com\/index.php?rest_route=\/wp\/v2\/users\/1"}],"replies":[{"embeddable":true,"href":"https:\/\/podernacional.com\/index.php?rest_route=%2Fwp%2Fv2%2Fcomments&post=7384"}],"version-history":[{"count":1,"href":"https:\/\/podernacional.com\/index.php?rest_route=\/wp\/v2\/posts\/7384\/revisions"}],"predecessor-version":[{"id":7385,"href":"https:\/\/podernacional.com\/index.php?rest_route=\/wp\/v2\/posts\/7384\/revisions\/7385"}],"wp:featuredmedia":[{"embeddable":true,"href":"https:\/\/podernacional.com\/index.php?rest_route=\/wp\/v2\/media\/7386"}],"wp:attachment":[{"href":"https:\/\/podernacional.com\/index.php?rest_route=%2Fwp%2Fv2%2Fmedia&parent=7384"}],"wp:term":[{"taxonomy":"category","embeddable":true,"href":"https:\/\/podernacional.com\/index.php?rest_route=%2Fwp%2Fv2%2Fcategories&post=7384"},{"taxonomy":"post_tag","embeddable":true,"href":"https:\/\/podernacional.com\/index.php?rest_route=%2Fwp%2Fv2%2Ftags&post=7384"}],"curies":[{"name":"wp","href":"https:\/\/api.w.org\/{rel}","templated":true}]}}