{"id":7390,"date":"2022-07-09T19:20:59","date_gmt":"2022-07-10T00:20:59","guid":{"rendered":"https:\/\/podernacional.com\/?p=7390"},"modified":"2022-07-10T00:21:01","modified_gmt":"2022-07-10T00:21:01","slug":"llega-el-festival-de-espectaculos-infantiles-en-las-vacaciones-de-invierno","status":"publish","type":"post","link":"https:\/\/podernacional.com\/?p=7390","title":{"rendered":"Llega el Festival de Espect\u00e1culos Infantiles en las vacaciones de invierno"},"content":{"rendered":"<h4>Paran\u00e1 ser\u00e1 sede del Festival de Espect\u00e1culos Infantiles (FEI) durante las dos semanas de receso escolar.<\/h4>\n<p>Espect\u00e1culos Infantiles: Las funciones est\u00e1n previstas de martes a s\u00e1bados, a las 16:00hrs.<\/p>\n<p>Con una programaci\u00f3n variada a cargo de elencos de diferentes localidades de la provincia de Ente R\u00edos.<\/p>\n<p>Las entradas ya est\u00e1n a la venta en la boleter\u00eda del Teatro 3 de Febrero.<\/p>\n<p>Desde el 12 al 23 de julio se desarrollar\u00e1 en Paran\u00e1 la 23\u00aa edici\u00f3n del tradicional Festival de Espect\u00e1culos (FEI).<\/p>\n<p>Lugar donde ocurrir\u00e1 ser\u00e1 en el Teatro Municipal 3 de Febrero.<\/p>\n<p>Las funciones est\u00e1n previstas de martes a s\u00e1bados, a las 16, con una programaci\u00f3n variada que incluye t\u00edteres, m\u00fasica, destrezas circenses.<\/p>\n<p>A cargo de elencos de diferentes localidades de la provincia de Ente R\u00edos.<\/p>\n<p>Las entradas tendr\u00e1n un valor de valor de $300 y podr\u00e1n adquirirse en la Boleter\u00eda del Teatro, en calle 25 de Junio N\u00b0 54.<\/p>\n<p>Este evento es organizado por artistas y gestores culturales de la ciudad de Paran\u00e1 y cuenta con el apoyo del Instituto Nacional del Teatro.<\/p>\n<p>As\u00ed como la Secretar\u00eda de Cultura de la Provincia de Entre R\u00edos y la Subsecretaria de Cultura de Paran\u00e1.<\/p>\n<p>El equipo de Producci\u00f3n del FEI en su edici\u00f3n 2022 est\u00e1 compuesto por:<\/p>\n<p>Leandro Bogado, Ver\u00f3nica Spahn, Pola Ortiz, Danisa Todoro, Juan Carlos Izaguirre, Mariela Bogado y Mar\u00eda Luz G\u00f3mez.<\/p>\n<h4>Se podr\u00e1 disfrutar de la siguiente programaci\u00f3n:<\/h4>\n<ol>\n<li>Funci\u00f3n 12 de julio: espect\u00e1culo \u201cCuidados Disparatados\u201d Elenco concertado (Paran\u00e1)<\/li>\n<li>Funci\u00f3n 13 de julio: espect\u00e1culo \u201cMontoto y Magoya salvando sonrisas\u201d Grupo Montoto y Magoya (Paran\u00e1)<\/li>\n<li>Funci\u00f3n 14 de julio: espect\u00e1culo \u201cLas aventuras del Capit\u00e1n Pier Zubiet\u201d Grupo Patatas Patas (Paran\u00e1)<\/li>\n<li>Funci\u00f3n 15 de julio: espect\u00e1culo \u201cTres historias de payasos y una escalera anaranjada\u201d Grupo Los Macanos (Paran\u00e1)<\/li>\n<li>Funci\u00f3n 16 de julio: espect\u00e1culo \u201cLa Carrindanga\u201d Grupo Saltimbanquis (Paran\u00e1)<\/li>\n<li>Funci\u00f3n 19 de julio: espect\u00e1culo \u201cEl show de Cartoncito\u201d Emmanuel \u201cChemma\u201d Alassia (Colonia Avellaneda)<\/li>\n<li>Funci\u00f3n 20 de julio: espect\u00e1culo \u201cManso y Patota en Suite criolla\u201d Grupo Compa\u00f1\u00eda Teastral (Paran\u00e1)<\/li>\n<li>Funci\u00f3n 21 de julio: espect\u00e1culo \u201cBigote de novia\u201d Grupo La Rueda Teatro (Paran\u00e1)<\/li>\n<li>Funci\u00f3n 22 de julio: espect\u00e1culo \u201cMochylota para una traves\u00eda grandota\u201d Grupo El Histri\u00f3n (Concordia)<\/li>\n<li>Funci\u00f3n 23 de julio: espect\u00e1culo \u201cMe regalas una flor\u201d Grupo UNDR (Concepci\u00f3n del Uruguay)<\/li>\n<\/ol>\n<h4>Contacto por redes sociales:<\/h4>\n<p>Facebook https:\/\/www.facebook.com\/FEIParana1<\/p>\n<p>Instagram https:\/\/www.instagram.com\/feiparana2020<\/p>\n","protected":false},"excerpt":{"rendered":"<p>Paran\u00e1 ser\u00e1 sede del Festival de Espect\u00e1culos Infantiles (FEI) durante las dos semanas de receso escolar. Espect\u00e1culos Infantiles: Las funciones est\u00e1n previstas de martes a s\u00e1bados, a las 16:00hrs. Con una programaci\u00f3n variada a cargo de elencos de diferentes localidades de la provincia de Ente R\u00edos. Las entradas ya est\u00e1n a la venta en la [&hellip;]<\/p>\n","protected":false},"author":1,"featured_media":7392,"comment_status":"open","ping_status":"closed","sticky":false,"template":"","format":"standard","meta":{"footnotes":""},"categories":[4,5],"tags":[],"class_list":["post-7390","post","type-post","status-publish","format-standard","has-post-thumbnail","hentry","category-espectaculos","category-internacional"],"_links":{"self":[{"href":"https:\/\/podernacional.com\/index.php?rest_route=\/wp\/v2\/posts\/7390","targetHints":{"allow":["GET"]}}],"collection":[{"href":"https:\/\/podernacional.com\/index.php?rest_route=\/wp\/v2\/posts"}],"about":[{"href":"https:\/\/podernacional.com\/index.php?rest_route=\/wp\/v2\/types\/post"}],"author":[{"embeddable":true,"href":"https:\/\/podernacional.com\/index.php?rest_route=\/wp\/v2\/users\/1"}],"replies":[{"embeddable":true,"href":"https:\/\/podernacional.com\/index.php?rest_route=%2Fwp%2Fv2%2Fcomments&post=7390"}],"version-history":[{"count":1,"href":"https:\/\/podernacional.com\/index.php?rest_route=\/wp\/v2\/posts\/7390\/revisions"}],"predecessor-version":[{"id":7391,"href":"https:\/\/podernacional.com\/index.php?rest_route=\/wp\/v2\/posts\/7390\/revisions\/7391"}],"wp:featuredmedia":[{"embeddable":true,"href":"https:\/\/podernacional.com\/index.php?rest_route=\/wp\/v2\/media\/7392"}],"wp:attachment":[{"href":"https:\/\/podernacional.com\/index.php?rest_route=%2Fwp%2Fv2%2Fmedia&parent=7390"}],"wp:term":[{"taxonomy":"category","embeddable":true,"href":"https:\/\/podernacional.com\/index.php?rest_route=%2Fwp%2Fv2%2Fcategories&post=7390"},{"taxonomy":"post_tag","embeddable":true,"href":"https:\/\/podernacional.com\/index.php?rest_route=%2Fwp%2Fv2%2Ftags&post=7390"}],"curies":[{"name":"wp","href":"https:\/\/api.w.org\/{rel}","templated":true}]}}