{"id":7396,"date":"2022-07-09T19:34:48","date_gmt":"2022-07-10T00:34:48","guid":{"rendered":"https:\/\/podernacional.com\/?p=7396"},"modified":"2022-07-10T00:34:50","modified_gmt":"2022-07-10T00:34:50","slug":"el-centro-comercial-marina-puerto-cancun-se-enfoca-en-realizar-eventos-para-atraer-visitantes","status":"publish","type":"post","link":"https:\/\/podernacional.com\/?p=7396","title":{"rendered":"El centro comercial Marina Puerto Canc\u00fan se enfoca en realizar eventos para atraer visitantes"},"content":{"rendered":"<h4>M\u00e1s que concentrarse exclusivamente en las ventas.<\/h4>\n<p>Marina Puerto Canc\u00fan: El centro comercial\u00a0 se ha enfocado en realizar eventos de calidad e inter\u00e9s con el fin de generar comunidad.<\/p>\n<p>Con esto busca lograr as\u00ed atraer visitantes y alcanzando las metas comerciales.<\/p>\n<p>Ram\u00f3n de la Fuente, director general del centro comercial Marina Puerto Canc\u00fan, asegur\u00f3 que:<\/p>\n<p>Desde que se inici\u00f3 la reactivaci\u00f3n del destino se ha tenido un franco crecimiento en esta plaza.<\/p>\n<p>\u201cHemos puesto mucho cari\u00f1o al proyecto, se necesitaba detalle y sobre todo definir nuestro objetivo\u201d.<\/p>\n<p>Que es generar comunidad y en ese sentido hemos venido cumpliendo con la oferta gastron\u00f3mica, de compras, de entretenimiento para la familia.<\/p>\n<p>\u201cCon esa oferta y mucho cari\u00f1o hemos hecho muchos eventos\u201d, coment\u00f3.<\/p>\n<p>Son en promedio 60 eventos los que est\u00e1n registrados a lo largo del a\u00f1o, que permiten tener un calendario muy nutrido.<\/p>\n<p>Entre los que destacan conciertos de la orquesta sinf\u00f3nica local, la Rosca de Reyes, exposiciones, la pintura de calaveras por el d\u00eda de muertos.<\/p>\n<p>As\u00ed como los tres eventos m\u00e1s grandes son el Rally Maya, el Boat Show y el Campeonato de Motosurf, que se celebr\u00f3 recientemente.<\/p>\n<p>\u201cEstamos procurando traer eventos innovadores, diferenciados, para que la gente nos visite\u201d.<\/p>\n<p>Haga de este lugar parte de su convivencia con la familia<\/p>\n<p>Ademas de que estamos muy orgullosos de los logros que hemos obtenido con estos trabajos para la comunidad, indic\u00f3 De la Fuente.<\/p>\n<p>Indic\u00f3 que un promedio de 100 mil personas visitan semanalmente la plaza comercial.<\/p>\n<p>Ademas que los eventos especiales logran incrementar esta afluencia entre 15 mil y 24 mil visitantes m\u00e1s, que incluso no conoc\u00edan la plaza.<\/p>\n<p>\u201cEsto naturalmente genera ventas y muestra de ello es que se est\u00e1 40 por ciento arriba comparado con el a\u00f1o 2019\u201d, afirm\u00f3.<\/p>\n<p>Reconoci\u00f3 que hace un par de a\u00f1os, especialmente con la pandemia, se ve\u00edan muy pocos turistas visitando este centro comercial.<\/p>\n<p>Aunque gracias a la reactivaci\u00f3n econ\u00f3mica y especialmente tras la colocaci\u00f3n de paraderos sobre la zona hotelera, cada d\u00eda hay m\u00e1s visitantes.<\/p>\n<p>\u201cAnteriormente un turista ten\u00eda que caminar tres kil\u00f3metros para llegar al centro comercial o tomar un taxi que cobra entre 500 y 700 pesos\u201d.<\/p>\n<p>Ahora con el acceso franco es m\u00e1s f\u00e1cil, creo que se ha logrado mucho avance en estos \u00faltimos dos a\u00f1os.<\/p>\n<p>Dijo por \u00faltimo el director general del centro comercial Marina Puerto Canc\u00fan.<\/p>\n","protected":false},"excerpt":{"rendered":"<p>M\u00e1s que concentrarse exclusivamente en las ventas. Marina Puerto Canc\u00fan: El centro comercial\u00a0 se ha enfocado en realizar eventos de calidad e inter\u00e9s con el fin de generar comunidad. Con esto busca lograr as\u00ed atraer visitantes y alcanzando las metas comerciales. Ram\u00f3n de la Fuente, director general del centro comercial Marina Puerto Canc\u00fan, asegur\u00f3 que: [&hellip;]<\/p>\n","protected":false},"author":1,"featured_media":7398,"comment_status":"open","ping_status":"closed","sticky":false,"template":"","format":"standard","meta":{"footnotes":""},"categories":[6,10],"tags":[],"class_list":["post-7396","post","type-post","status-publish","format-standard","has-post-thumbnail","hentry","category-local","category-quintana-roo"],"_links":{"self":[{"href":"https:\/\/podernacional.com\/index.php?rest_route=\/wp\/v2\/posts\/7396","targetHints":{"allow":["GET"]}}],"collection":[{"href":"https:\/\/podernacional.com\/index.php?rest_route=\/wp\/v2\/posts"}],"about":[{"href":"https:\/\/podernacional.com\/index.php?rest_route=\/wp\/v2\/types\/post"}],"author":[{"embeddable":true,"href":"https:\/\/podernacional.com\/index.php?rest_route=\/wp\/v2\/users\/1"}],"replies":[{"embeddable":true,"href":"https:\/\/podernacional.com\/index.php?rest_route=%2Fwp%2Fv2%2Fcomments&post=7396"}],"version-history":[{"count":1,"href":"https:\/\/podernacional.com\/index.php?rest_route=\/wp\/v2\/posts\/7396\/revisions"}],"predecessor-version":[{"id":7397,"href":"https:\/\/podernacional.com\/index.php?rest_route=\/wp\/v2\/posts\/7396\/revisions\/7397"}],"wp:featuredmedia":[{"embeddable":true,"href":"https:\/\/podernacional.com\/index.php?rest_route=\/wp\/v2\/media\/7398"}],"wp:attachment":[{"href":"https:\/\/podernacional.com\/index.php?rest_route=%2Fwp%2Fv2%2Fmedia&parent=7396"}],"wp:term":[{"taxonomy":"category","embeddable":true,"href":"https:\/\/podernacional.com\/index.php?rest_route=%2Fwp%2Fv2%2Fcategories&post=7396"},{"taxonomy":"post_tag","embeddable":true,"href":"https:\/\/podernacional.com\/index.php?rest_route=%2Fwp%2Fv2%2Ftags&post=7396"}],"curies":[{"name":"wp","href":"https:\/\/api.w.org\/{rel}","templated":true}]}}