{"id":7399,"date":"2022-07-09T19:40:32","date_gmt":"2022-07-10T00:40:32","guid":{"rendered":"https:\/\/podernacional.com\/?p=7399"},"modified":"2022-07-10T00:40:34","modified_gmt":"2022-07-10T00:40:34","slug":"capacita-ssp-a-estudiantes-para-prevenir-delitos-ciberneticos","status":"publish","type":"post","link":"https:\/\/podernacional.com\/?p=7399","title":{"rendered":"Capacita SSP a estudiantes para prevenir Delitos Cibern\u00e9ticos"},"content":{"rendered":"<h4>Buscan brindar atenci\u00f3n ante las manifestaciones delictivas, as\u00ed como promover la participaci\u00f3n ciudadana y abrir espacios de informaci\u00f3n<\/h4>\n<p>Delitos Cibern\u00e9ticos: Se llev\u00f3 a cabo una capacitaci\u00f3n de \u201cReacci\u00f3n de la ciudadana ante eventos armados\u201d.<\/p>\n<p>A\u00a0trav\u00e9s del cual se busca fomentar algunas medidas de seguridad y actuaci\u00f3n ante una agresi\u00f3n<\/p>\n<p>Como parte de la Estrategia de Seguridad P\u00fablica que impulsa la nueva gobernanza, en la que se busca fomentar la proximidad social.<\/p>\n<p>As\u00ed como la participaci\u00f3n ciudadana y la prevenci\u00f3n conjunta del delito, la Secretar\u00eda de Seguridad P\u00fablica (SSP).<\/p>\n<p>A trav\u00e9s del \u00e1rea de la Polic\u00eda Cibern\u00e9tica de la Divisi\u00f3n Cient\u00edfica, capacit\u00f3 a estudiantes de Zacatecas, Guadalupe, Ca\u00f1ita de Felipe Pescador y Nochistl\u00e1n.<\/p>\n<p>Los talleres impartidos estuvieron dirigidos a estudiantes de nivel b\u00e1sico y medio superior.<\/p>\n<p>Ademas de contar\u00a0con la participaci\u00f3n de m\u00e1s de 400 alumnos de diversas instituciones acad\u00e9micas de los municipios referidos.<\/p>\n<p>De manera presencial participaron los estudiantes del Colegio Federico Froebel en Zacatecas; Instituto del Carmen, en Guadalupe; Escuela Secundaria T\u00e9cnica n\u00famero 26, en Ca\u00f1itas.<\/p>\n<p>Ademas\u00a0de manera virtual, se atendi\u00f3 a los estudiantes de la Telesecundaria Mois\u00e9s S\u00e1enz, del Municipio de Nochistl\u00e1n de Mej\u00eda.<\/p>\n<p>&nbsp;<\/p>\n<h4>Los temas que se abordaron como parte de la capacitaci\u00f3n para prevenir la comisi\u00f3n de delitos.<\/h4>\n<p>As\u00ed como para prevenir que las y los ni\u00f1os y j\u00f3venes sean cooptados por la delincuencia organizada fueron:<\/p>\n<p>\u201cCaptaci\u00f3n de Ni\u00f1as, Ni\u00f1os y Adolescentes ante el Crimen Organizado\u201d, \u201cSexting y Sextorsi\u00f3n y \u201cDelitos Cibern\u00e9ticos\u201d.<\/p>\n<p>Adem\u00e1s, se llev\u00f3 a cabo una capacitaci\u00f3n de \u201cReacci\u00f3n de la ciudadan\u00eda ante eventos armados\u201d.<\/p>\n<p>A\u00a0trav\u00e9s del cual se busca fomentar algunas medidas de seguridad y actuaci\u00f3n ante una agresi\u00f3n.<\/p>\n<p>Las diversas asesor\u00edas, capacitaciones y talleres que desarrolla la Secretar\u00eda de Seguridad tienen como objetivo brindar atenci\u00f3n ante las manifestaciones delictivas.<\/p>\n<p>As\u00ed como promover las capacitaciones, la participaci\u00f3n ciudadana, abrir espacios de informaci\u00f3n y difusi\u00f3n.<\/p>\n<p>Lo anterior, a fin de prevenir que ante el uso de herramientas tecnol\u00f3gicas las y los zacatecanos sean v\u00edctimas de estos delitos.<\/p>\n<p>As\u00ed como poniendo especial atenci\u00f3n en las ni\u00f1as, ni\u00f1os, adolescentes y j\u00f3venes que suelen ser los m\u00e1s vulnerables ante informaci\u00f3n enga\u00f1osa.<\/p>\n<p>Por lo anterior, la SSP pone a disposici\u00f3n de los ciudadanos, los diferentes medios de comunicaci\u00f3n como la L\u00ednea de Contacto Directo con la SSP.<\/p>\n<p>Al n\u00famero 4922197159, cuentas de Facebook y Twitter, a fin de que soliciten dichas capacitaciones.<\/p>\n<p>Con actividades como la descrita, la Secretar\u00eda de Seguridad P\u00fablica refrenda su compromiso de continuar desarrollando acciones en materia de prevenci\u00f3n del delito-<\/p>\n<p>Por ende, la participaci\u00f3n ciudadana, a fin de fortalecer y trabajar de manera conjunta por la transformaci\u00f3n de Zacatecas.<\/p>\n","protected":false},"excerpt":{"rendered":"<p>Buscan brindar atenci\u00f3n ante las manifestaciones delictivas, as\u00ed como promover la participaci\u00f3n ciudadana y abrir espacios de informaci\u00f3n Delitos Cibern\u00e9ticos: Se llev\u00f3 a cabo una capacitaci\u00f3n de \u201cReacci\u00f3n de la ciudadana ante eventos armados\u201d. A\u00a0trav\u00e9s del cual se busca fomentar algunas medidas de seguridad y actuaci\u00f3n ante una agresi\u00f3n Como parte de la Estrategia de [&hellip;]<\/p>\n","protected":false},"author":1,"featured_media":7401,"comment_status":"open","ping_status":"closed","sticky":false,"template":"","format":"standard","meta":{"footnotes":""},"categories":[7,8],"tags":[],"class_list":["post-7399","post","type-post","status-publish","format-standard","has-post-thumbnail","hentry","category-nacional","category-policia"],"_links":{"self":[{"href":"https:\/\/podernacional.com\/index.php?rest_route=\/wp\/v2\/posts\/7399","targetHints":{"allow":["GET"]}}],"collection":[{"href":"https:\/\/podernacional.com\/index.php?rest_route=\/wp\/v2\/posts"}],"about":[{"href":"https:\/\/podernacional.com\/index.php?rest_route=\/wp\/v2\/types\/post"}],"author":[{"embeddable":true,"href":"https:\/\/podernacional.com\/index.php?rest_route=\/wp\/v2\/users\/1"}],"replies":[{"embeddable":true,"href":"https:\/\/podernacional.com\/index.php?rest_route=%2Fwp%2Fv2%2Fcomments&post=7399"}],"version-history":[{"count":1,"href":"https:\/\/podernacional.com\/index.php?rest_route=\/wp\/v2\/posts\/7399\/revisions"}],"predecessor-version":[{"id":7400,"href":"https:\/\/podernacional.com\/index.php?rest_route=\/wp\/v2\/posts\/7399\/revisions\/7400"}],"wp:featuredmedia":[{"embeddable":true,"href":"https:\/\/podernacional.com\/index.php?rest_route=\/wp\/v2\/media\/7401"}],"wp:attachment":[{"href":"https:\/\/podernacional.com\/index.php?rest_route=%2Fwp%2Fv2%2Fmedia&parent=7399"}],"wp:term":[{"taxonomy":"category","embeddable":true,"href":"https:\/\/podernacional.com\/index.php?rest_route=%2Fwp%2Fv2%2Fcategories&post=7399"},{"taxonomy":"post_tag","embeddable":true,"href":"https:\/\/podernacional.com\/index.php?rest_route=%2Fwp%2Fv2%2Ftags&post=7399"}],"curies":[{"name":"wp","href":"https:\/\/api.w.org\/{rel}","templated":true}]}}