{"id":7402,"date":"2022-07-09T19:47:41","date_gmt":"2022-07-10T00:47:41","guid":{"rendered":"https:\/\/podernacional.com\/?p=7402"},"modified":"2022-07-10T00:47:42","modified_gmt":"2022-07-10T00:47:42","slug":"detienen-policia-estatal-y-municipal-a-un-hombre-en-zacatecas-por-la-portacion-de-un-arma-de-fuego","status":"publish","type":"post","link":"https:\/\/podernacional.com\/?p=7402","title":{"rendered":"Detienen Polic\u00eda Estatal y Municipal a un hombre en Zacatecas, por la portaci\u00f3n de un arma de fuego"},"content":{"rendered":"<h4>La detenci\u00f3n deriv\u00f3 de una denuncia ciudadana en la que se\u00f1alaron que un hombre estaba ocasionando da\u00f1os a un domicilio<\/h4>\n<p>Zacatecas: Como resultado de las acciones conjuntas que llevan a cabo las corporaciones policiales de las <a href=\"https:\/\/www.gob.mx\/sspc\">Secretar\u00eda de Seguridad P\u00fablica<\/a> (SSP) y los Municipios.<\/p>\n<p>As\u00ed como de elementos de la Polic\u00eda Estatal Preventiva, en coordinaci\u00f3n con Polic\u00eda Municipal de Zacatecas.<\/p>\n<p>Con esto detuvieron a un hombre por la posesi\u00f3n de un arma de fuego.<\/p>\n<p>El trabajo coordinado de ambas corporaciones se da en cumplimiento al convenio de colaboraci\u00f3n que fue establecido entre el estado y los municipios.<\/p>\n<p>Con el objetivo de reforzar las acciones operativas para fortalecer la seguridad en el territorio zacatecano.<\/p>\n<p>&nbsp;<\/p>\n<h4>Esta detenci\u00f3n deriv\u00f3 de un reporte emitido a trav\u00e9s del Sistema de Emergencias 911.<\/h4>\n<p>En el que refer\u00edan que sobre la calle Fedro esquina con calle Tales de Mileto, de la colonia Popular.<\/p>\n<p>Se encontraba un masculino ocasionando da\u00f1os a un domicilio y que se escuchaban detonaciones de arma de fuego.<\/p>\n<p>En atenci\u00f3n a este reporte de inmediato los efectivos policiales se movilizaron.<\/p>\n<p>Ante el personal operativo, dicha persona sac\u00f3 un arma de fuego y amenaz\u00f3 a los oficiales.<\/p>\n<p>Por lo que, de inmediato, se aplicaron los protocolos policiales para asegurar el arma y detener al masculino.<\/p>\n<p>Felipe N., fue detenido y se procedi\u00f3 con el aseguramiento del arma calibre .357 y de seis cartuchos \u00fatiles.<\/p>\n<p>Que tambi\u00e9n ten\u00eda en su posesi\u00f3n, a fin de ponerlos a disposici\u00f3n de la autoridad competente.<\/p>\n<p>Es importante mencionar que en este hecho no se reportaron personas lesionadas, s\u00f3lo el da\u00f1o al domicilio.<\/p>\n<p>La Secretar\u00eda de Seguridad P\u00fablica reitera su compromiso de seguir trabajando incansablemente hasta recuperar la seguridad y la paz que anhelan las familias zacatecanas.<\/p>\n<p>Por ende, con la detenci\u00f3n de Felipe N. por dicha portaci\u00f3n de un arma calibre .357 as\u00ed como ademas de seis cartuchos \u00fatiles.<\/p>\n<p>&nbsp;<\/p>\n","protected":false},"excerpt":{"rendered":"<p>La detenci\u00f3n deriv\u00f3 de una denuncia ciudadana en la que se\u00f1alaron que un hombre estaba ocasionando da\u00f1os a un domicilio Zacatecas: Como resultado de las acciones conjuntas que llevan a cabo las corporaciones policiales de las Secretar\u00eda de Seguridad P\u00fablica (SSP) y los Municipios. As\u00ed como de elementos de la Polic\u00eda Estatal Preventiva, en coordinaci\u00f3n [&hellip;]<\/p>\n","protected":false},"author":1,"featured_media":7404,"comment_status":"open","ping_status":"closed","sticky":false,"template":"","format":"standard","meta":{"footnotes":""},"categories":[7,8],"tags":[],"class_list":["post-7402","post","type-post","status-publish","format-standard","has-post-thumbnail","hentry","category-nacional","category-policia"],"_links":{"self":[{"href":"https:\/\/podernacional.com\/index.php?rest_route=\/wp\/v2\/posts\/7402","targetHints":{"allow":["GET"]}}],"collection":[{"href":"https:\/\/podernacional.com\/index.php?rest_route=\/wp\/v2\/posts"}],"about":[{"href":"https:\/\/podernacional.com\/index.php?rest_route=\/wp\/v2\/types\/post"}],"author":[{"embeddable":true,"href":"https:\/\/podernacional.com\/index.php?rest_route=\/wp\/v2\/users\/1"}],"replies":[{"embeddable":true,"href":"https:\/\/podernacional.com\/index.php?rest_route=%2Fwp%2Fv2%2Fcomments&post=7402"}],"version-history":[{"count":1,"href":"https:\/\/podernacional.com\/index.php?rest_route=\/wp\/v2\/posts\/7402\/revisions"}],"predecessor-version":[{"id":7403,"href":"https:\/\/podernacional.com\/index.php?rest_route=\/wp\/v2\/posts\/7402\/revisions\/7403"}],"wp:featuredmedia":[{"embeddable":true,"href":"https:\/\/podernacional.com\/index.php?rest_route=\/wp\/v2\/media\/7404"}],"wp:attachment":[{"href":"https:\/\/podernacional.com\/index.php?rest_route=%2Fwp%2Fv2%2Fmedia&parent=7402"}],"wp:term":[{"taxonomy":"category","embeddable":true,"href":"https:\/\/podernacional.com\/index.php?rest_route=%2Fwp%2Fv2%2Fcategories&post=7402"},{"taxonomy":"post_tag","embeddable":true,"href":"https:\/\/podernacional.com\/index.php?rest_route=%2Fwp%2Fv2%2Ftags&post=7402"}],"curies":[{"name":"wp","href":"https:\/\/api.w.org\/{rel}","templated":true}]}}