{"id":7417,"date":"2022-07-11T19:00:17","date_gmt":"2022-07-12T00:00:17","guid":{"rendered":"https:\/\/podernacional.com\/?p=7417"},"modified":"2022-07-12T00:00:18","modified_gmt":"2022-07-12T00:00:18","slug":"el-apple-watch-para-deportes-extremos-tendria-el-apellido-pro-y-un-precio-mucho-mas-alto","status":"publish","type":"post","link":"https:\/\/podernacional.com\/?p=7417","title":{"rendered":"El Apple Watch para deportes extremos tendr\u00eda el apellido \u2018Pro\u2019 y un precio mucho m\u00e1s alto"},"content":{"rendered":"<h4>Ser\u00e1 la primera vez que Apple incluye nomenclatura \u2018Pro\u2019 en el Apple Watch. Mark Gurman, de \u2018Bloomberg\u2019, tambi\u00e9n ha revelado su posible precio.<\/h4>\n<p>Apple Watch: Llevamos meses escuchando rumores sobre una versi\u00f3n robusta del pr\u00f3ximo Apple Watch Series 8.<\/p>\n<p>Una edici\u00f3n que, en principio, estar\u00eda destinada para aquellos usuarios que realizan deportes m\u00e1s extremos, como escalada, etc.<\/p>\n<p>Ademas de que contar\u00eda no solo con un dise\u00f1o m\u00e1s resistente.<\/p>\n<p>Sino tambi\u00e9n con una pantalla de mayor tama\u00f1o respecto a los otros dos modelos que la compa\u00f1\u00eda tambi\u00e9n podr\u00eda anunciar este a\u00f1o.<\/p>\n<p>Seg\u00fan revel\u00f3 Mark Gurman hace unas semanas. No obstante, el nombre de esta versi\u00f3n, as\u00ed como su precio, siguen siendo una inc\u00f3gnita.<\/p>\n<p>Al menos, hasta ahora.<\/p>\n<p>El citado periodista de Bloomberg ha mencionado en su bolet\u00edn semanal que este modelo podr\u00eda llamarse Apple Watch Pro.<\/p>\n<p>Ademas\u00a0probablemente reemplace a la versi\u00f3n &#8216;Edition&#8217; que la compa\u00f1\u00eda comercializa actualmente.<\/p>\n<p>Las variantes &#8216;Pro&#8217; en los productos de Apple, recordemos, est\u00e1n destinadas principalmente a usuarios profesionales.<\/p>\n<p>Dado a que las especificaciones suelen ser m\u00e1s avanzadas.<\/p>\n<p>En este caso, el Apple Watch Pro podr\u00eda estar enfocado a deportistas profesionales o, reiteramos, a usuarios que realizan deportes extremos o considerablemente m\u00e1s intensos.<\/p>\n<p>Gurman, adem\u00e1s, cree que la inclusi\u00f3n de algunas especificaciones considerablemente diferentes al resto de modelos que la compa\u00f1\u00eda podr\u00eda anunciar.<\/p>\n<p>Como una pantalla de mayor tama\u00f1o o una caja de metal, tambi\u00e9n podr\u00eda resultar como atractivo para aquellos usuarios no profesionales .<\/p>\n<p>Los cuales\u00a0simplemente buscan un reloj m\u00e1s premium. Su precio, eso s\u00ed, ser\u00e1 considerablemente mayor respecto al de las otras versiones.<\/p>\n<p>&nbsp;<\/p>\n<h4>El Apple Watch Pro podr\u00eda llegar a costar unos 1.000 d\u00f3lares<\/h4>\n<p>Seg\u00fan el periodista, el precio del Apple Watch Pro se situar\u00eda entorno a los 900 y 999 d\u00f3lares.<\/p>\n<p>Un coste considerablemente elevado teniendo en cuenta que el resto de versiones se situar\u00edan entorno a los 500 euros.<\/p>\n<p>Su precio, sin embargo, coincide con el de las versiones Edition.<\/p>\n<p>Estas, recordemos, son aquellas variantes que incluyen una caja de titanio y una correa de piel, y se sit\u00faan sobre los 900 euros.<\/p>\n<p>Por tanto, tiene sentido que la compa\u00f1\u00eda decida reemplazar esta versi\u00f3n por la &#8216;Pro&#8217;.<\/p>\n<p>En cualquier caso, no debemos olvidar que Apple tambi\u00e9n podr\u00eda anunciar otras dos versiones del Apple Watch Series 8.<\/p>\n<p>Una edici\u00f3n SE, con especificaciones m\u00e1s actualizadas respecto al primer modelo y un precio m\u00e1s econ\u00f3mico, y una versi\u00f3n est\u00e1ndar.<\/p>\n<p>Ademas de estar disponibles\u00a0en diferentes variantes\u00a0que podr\u00eda llegar con un nuevo aspecto y nuevos sensores, como un medidor de temperatura corporal.<\/p>\n<p>&nbsp;<\/p>\n<p>&nbsp;<\/p>\n","protected":false},"excerpt":{"rendered":"<p>Ser\u00e1 la primera vez que Apple incluye nomenclatura \u2018Pro\u2019 en el Apple Watch. Mark Gurman, de \u2018Bloomberg\u2019, tambi\u00e9n ha revelado su posible precio. Apple Watch: Llevamos meses escuchando rumores sobre una versi\u00f3n robusta del pr\u00f3ximo Apple Watch Series 8. Una edici\u00f3n que, en principio, estar\u00eda destinada para aquellos usuarios que realizan deportes m\u00e1s extremos, como [&hellip;]<\/p>\n","protected":false},"author":1,"featured_media":7419,"comment_status":"open","ping_status":"closed","sticky":false,"template":"","format":"standard","meta":{"footnotes":""},"categories":[3,13],"tags":[],"class_list":["post-7417","post","type-post","status-publish","format-standard","has-post-thumbnail","hentry","category-deportes","category-tecnologia"],"_links":{"self":[{"href":"https:\/\/podernacional.com\/index.php?rest_route=\/wp\/v2\/posts\/7417","targetHints":{"allow":["GET"]}}],"collection":[{"href":"https:\/\/podernacional.com\/index.php?rest_route=\/wp\/v2\/posts"}],"about":[{"href":"https:\/\/podernacional.com\/index.php?rest_route=\/wp\/v2\/types\/post"}],"author":[{"embeddable":true,"href":"https:\/\/podernacional.com\/index.php?rest_route=\/wp\/v2\/users\/1"}],"replies":[{"embeddable":true,"href":"https:\/\/podernacional.com\/index.php?rest_route=%2Fwp%2Fv2%2Fcomments&post=7417"}],"version-history":[{"count":1,"href":"https:\/\/podernacional.com\/index.php?rest_route=\/wp\/v2\/posts\/7417\/revisions"}],"predecessor-version":[{"id":7418,"href":"https:\/\/podernacional.com\/index.php?rest_route=\/wp\/v2\/posts\/7417\/revisions\/7418"}],"wp:featuredmedia":[{"embeddable":true,"href":"https:\/\/podernacional.com\/index.php?rest_route=\/wp\/v2\/media\/7419"}],"wp:attachment":[{"href":"https:\/\/podernacional.com\/index.php?rest_route=%2Fwp%2Fv2%2Fmedia&parent=7417"}],"wp:term":[{"taxonomy":"category","embeddable":true,"href":"https:\/\/podernacional.com\/index.php?rest_route=%2Fwp%2Fv2%2Fcategories&post=7417"},{"taxonomy":"post_tag","embeddable":true,"href":"https:\/\/podernacional.com\/index.php?rest_route=%2Fwp%2Fv2%2Ftags&post=7417"}],"curies":[{"name":"wp","href":"https:\/\/api.w.org\/{rel}","templated":true}]}}