{"id":7438,"date":"2022-07-11T21:18:44","date_gmt":"2022-07-12T02:18:44","guid":{"rendered":"https:\/\/podernacional.com\/?p=7438"},"modified":"2022-07-12T02:18:45","modified_gmt":"2022-07-12T02:18:45","slug":"promociona-mara-a-quintana-roo-en-espana","status":"publish","type":"post","link":"https:\/\/podernacional.com\/?p=7438","title":{"rendered":"Promociona Mara a Quintana Roo en Espa\u00f1a"},"content":{"rendered":"<h4>CANC\u00daN, QRoo, Julio de 2022.- La gobernadora electa de Quintana Roo, Mara Lezama.<\/h4>\n<p>Espa\u00f1a participa en la gira de trabajo que realiza Quintana Roo en la ciudad de Palma de Mallorca.<\/p>\n<p>Para garantizar y potenciar las inversiones, promoci\u00f3n, desarrollo y empleo para el Caribe Mexicano.<\/p>\n<p>Mara Lezama destac\u00f3, tras reunirse con inversionistas, due\u00f1os de negocios y accionistas.<\/p>\n<p>Que estas actividades y el trabajo coordinado permiten impulsar las inversiones y el turismo, as\u00ed como promover las maravillas de Quintana Roo.<\/p>\n<p>Entre los primeros resultados de esta gira destacan la reuni\u00f3n que sostuvo con Sim\u00f3n Pedro Barcel\u00f3, presidente de Grupo Barcel\u00f3.<\/p>\n<p>Quien abri\u00f3 la posibilidad de invertir en un nuevo hotel en Cozumel y un vuelo directo desde Espa\u00f1a.<\/p>\n<p>El empresario espa\u00f1ol tambi\u00e9n ofreci\u00f3 al estado sus instalaciones en la Riviera Maya para postular a Quintana Roo como sede del Tianguis Tur\u00edstico de M\u00e9xico.<\/p>\n<p>Dicho sede para el a\u00f1o 2025.<\/p>\n<p>La gobernadora electa tambi\u00e9n particip\u00f3 en las reuniones con los integrantes del grupo Iverotel.<\/p>\n<p>Quienes refrendaron su compromiso para coordinarse con el gobierno estatal y buscar las v\u00edas para mejorar a\u00fan m\u00e1s la calidad de vida de sus trabajadores.<\/p>\n<p>Durante la gira de trabajo, sostuvo un encuentro con representantes de la empresa World2meet y Paladium.<\/p>\n<p>Con quienes destacaron la conectividad que se tiene de cinco vuelos semanales entre Espa\u00f1a y Canc\u00fan.<\/p>\n<p>Con estas acciones, Mara Lezama reitera compromiso de trabajar por y para los quintanarroenses.<\/p>\n<p>Construyendo con diversos sectores para lograr la prosperidad compartida que requiere la transformaci\u00f3n en Quintana Roo.<\/p>\n<p>Por ende, promociona Mara Lezama a Quintana Roo, M\u00e9xico en Espa\u00f1a.<\/p>\n","protected":false},"excerpt":{"rendered":"<p>CANC\u00daN, QRoo, Julio de 2022.- La gobernadora electa de Quintana Roo, Mara Lezama. Espa\u00f1a participa en la gira de trabajo que realiza Quintana Roo en la ciudad de Palma de Mallorca. Para garantizar y potenciar las inversiones, promoci\u00f3n, desarrollo y empleo para el Caribe Mexicano. Mara Lezama destac\u00f3, tras reunirse con inversionistas, due\u00f1os de negocios [&hellip;]<\/p>\n","protected":false},"author":1,"featured_media":7440,"comment_status":"open","ping_status":"closed","sticky":false,"template":"","format":"standard","meta":{"footnotes":""},"categories":[5,10],"tags":[],"class_list":["post-7438","post","type-post","status-publish","format-standard","has-post-thumbnail","hentry","category-internacional","category-quintana-roo"],"_links":{"self":[{"href":"https:\/\/podernacional.com\/index.php?rest_route=\/wp\/v2\/posts\/7438","targetHints":{"allow":["GET"]}}],"collection":[{"href":"https:\/\/podernacional.com\/index.php?rest_route=\/wp\/v2\/posts"}],"about":[{"href":"https:\/\/podernacional.com\/index.php?rest_route=\/wp\/v2\/types\/post"}],"author":[{"embeddable":true,"href":"https:\/\/podernacional.com\/index.php?rest_route=\/wp\/v2\/users\/1"}],"replies":[{"embeddable":true,"href":"https:\/\/podernacional.com\/index.php?rest_route=%2Fwp%2Fv2%2Fcomments&post=7438"}],"version-history":[{"count":1,"href":"https:\/\/podernacional.com\/index.php?rest_route=\/wp\/v2\/posts\/7438\/revisions"}],"predecessor-version":[{"id":7439,"href":"https:\/\/podernacional.com\/index.php?rest_route=\/wp\/v2\/posts\/7438\/revisions\/7439"}],"wp:featuredmedia":[{"embeddable":true,"href":"https:\/\/podernacional.com\/index.php?rest_route=\/wp\/v2\/media\/7440"}],"wp:attachment":[{"href":"https:\/\/podernacional.com\/index.php?rest_route=%2Fwp%2Fv2%2Fmedia&parent=7438"}],"wp:term":[{"taxonomy":"category","embeddable":true,"href":"https:\/\/podernacional.com\/index.php?rest_route=%2Fwp%2Fv2%2Fcategories&post=7438"},{"taxonomy":"post_tag","embeddable":true,"href":"https:\/\/podernacional.com\/index.php?rest_route=%2Fwp%2Fv2%2Ftags&post=7438"}],"curies":[{"name":"wp","href":"https:\/\/api.w.org\/{rel}","templated":true}]}}