{"id":7444,"date":"2022-07-12T19:54:25","date_gmt":"2022-07-13T00:54:25","guid":{"rendered":"https:\/\/podernacional.com\/?p=7444"},"modified":"2022-07-13T00:54:27","modified_gmt":"2022-07-13T00:54:27","slug":"llevaran-la-cultura-e-historia-de-mexico","status":"publish","type":"post","link":"https:\/\/podernacional.com\/?p=7444","title":{"rendered":"Llevar\u00e1n la cultura e historia de M\u00e9xico"},"content":{"rendered":"<h4>Los titulares de las direcciones de turismo de las Ciudades Mexicanas por el Patrimonio Mundial acordaron llevar su cultura.<\/h4>\n<p>Cultura e historia : As\u00ed como su historia y propuesta tur\u00edstica a la Feria del Turismo.<\/p>\n<p>El que ademas\u00a0se celebrar\u00e1 en la ciudad de Quebec, Canad\u00e1, el pr\u00f3ximo mes de septiembre.<\/p>\n<p>Daniel Guti\u00e9rrez, Director de Turismo Municipal, inform\u00f3 que:<\/p>\n<p>Junto con los representantes de las \u00e1reas de turismo de las otras 13 Ciudades Mexicanas por el Patrimonio Mundial<\/p>\n<p>Con esto acordaron esta medida como una forma de ampliar la labor que realizan.<\/p>\n<p>Explic\u00f3 que la medida tiene como finalidad lograr una mejor difusi\u00f3n de estas ciudades mexicanas.<\/p>\n<p>Ademas de llevar al plano internacional toda la cultura, artes, historia y turismo que tienen estas localidades del pa\u00eds.<\/p>\n<p>Este acuerdo fue parte de los trabajos que se tuvieron en el Segundo Festival de Ciudades Mexicanas por el Patrimonio Mundial.<\/p>\n<p>Que se celebr\u00f3 en esta ciudad de Guanajuato los d\u00edas 7, 8 y 9 de este mes.<\/p>\n<p>Guti\u00e9rrez Meave se\u00f1al\u00f3 que las 14 Ciudades Mexicanas por el Patrimonio tienen mucha cultura, arte, historia.<\/p>\n<p>Ademas de oferta tur\u00edstica que pueden llevar a cualquier parte del mundo para que se conozcan y con ello mejorar la atracci\u00f3n de visitantes.<\/p>\n<p>Junto con Guanajuato, las Ciudades Mexicanas por el Patrimonio Mundial son:<\/p>\n<p>San Miguel de Allende, Ciudad de M\u00e9xico, Xochimilco, Campeche, Morelia, Oaxaca, Puebla, Tlacotalpan, Quer\u00e9taro, San Luis Potos\u00ed, Zacatecas, Durango y San Juan del R\u00edo.<\/p>\n<p>El funcionario destac\u00f3 la labor y colaboraci\u00f3n que lograron los representantes de estos destinos tur\u00edsticos del pa\u00eds.<\/p>\n<p>Los cuales\u00a0llegaron hasta Guanajuato la semana pasada y mostraron parte de su propuesta cultural, tur\u00edstica e hist\u00f3rica.<\/p>\n<p>Consider\u00f3 que llevar m\u00e1s all\u00e1 de M\u00e9xico los atractivos, el arte y la cultura que han logrado estas localidades a lo largo del tiempo.<\/p>\n<p>Representando\u00a0tambi\u00e9n la alternativa para hacer m\u00e1s atractivos estos destinos, en el contexto internacional.<\/p>\n","protected":false},"excerpt":{"rendered":"<p>Los titulares de las direcciones de turismo de las Ciudades Mexicanas por el Patrimonio Mundial acordaron llevar su cultura. Cultura e historia : As\u00ed como su historia y propuesta tur\u00edstica a la Feria del Turismo. El que ademas\u00a0se celebrar\u00e1 en la ciudad de Quebec, Canad\u00e1, el pr\u00f3ximo mes de septiembre. Daniel Guti\u00e9rrez, Director de Turismo [&hellip;]<\/p>\n","protected":false},"author":1,"featured_media":7446,"comment_status":"open","ping_status":"closed","sticky":false,"template":"","format":"standard","meta":{"footnotes":""},"categories":[2,7],"tags":[],"class_list":["post-7444","post","type-post","status-publish","format-standard","has-post-thumbnail","hentry","category-cultural","category-nacional"],"_links":{"self":[{"href":"https:\/\/podernacional.com\/index.php?rest_route=\/wp\/v2\/posts\/7444","targetHints":{"allow":["GET"]}}],"collection":[{"href":"https:\/\/podernacional.com\/index.php?rest_route=\/wp\/v2\/posts"}],"about":[{"href":"https:\/\/podernacional.com\/index.php?rest_route=\/wp\/v2\/types\/post"}],"author":[{"embeddable":true,"href":"https:\/\/podernacional.com\/index.php?rest_route=\/wp\/v2\/users\/1"}],"replies":[{"embeddable":true,"href":"https:\/\/podernacional.com\/index.php?rest_route=%2Fwp%2Fv2%2Fcomments&post=7444"}],"version-history":[{"count":1,"href":"https:\/\/podernacional.com\/index.php?rest_route=\/wp\/v2\/posts\/7444\/revisions"}],"predecessor-version":[{"id":7445,"href":"https:\/\/podernacional.com\/index.php?rest_route=\/wp\/v2\/posts\/7444\/revisions\/7445"}],"wp:featuredmedia":[{"embeddable":true,"href":"https:\/\/podernacional.com\/index.php?rest_route=\/wp\/v2\/media\/7446"}],"wp:attachment":[{"href":"https:\/\/podernacional.com\/index.php?rest_route=%2Fwp%2Fv2%2Fmedia&parent=7444"}],"wp:term":[{"taxonomy":"category","embeddable":true,"href":"https:\/\/podernacional.com\/index.php?rest_route=%2Fwp%2Fv2%2Fcategories&post=7444"},{"taxonomy":"post_tag","embeddable":true,"href":"https:\/\/podernacional.com\/index.php?rest_route=%2Fwp%2Fv2%2Ftags&post=7444"}],"curies":[{"name":"wp","href":"https:\/\/api.w.org\/{rel}","templated":true}]}}