{"id":7447,"date":"2022-07-12T20:03:02","date_gmt":"2022-07-13T01:03:02","guid":{"rendered":"https:\/\/podernacional.com\/?p=7447"},"modified":"2022-07-13T01:03:04","modified_gmt":"2022-07-13T01:03:04","slug":"suspension-de-espectaculos-para-julio-y-agosto-dejaria-sin-empleo-a-200000-peruanos-advierte-la-ccl","status":"publish","type":"post","link":"https:\/\/podernacional.com\/?p=7447","title":{"rendered":"Suspensi\u00f3n de espect\u00e1culos para julio y agosto dejar\u00eda sin empleo a 200,000 peruanos, advierte la CCL"},"content":{"rendered":"<h4>Propuesta del Minsa tambi\u00e9n podr\u00eda cancelar unos 40 conciertos entre nacionales e internacionales.<\/h4>\n<p>Suspensi\u00f3n de espect\u00e1culos : La CCL indic\u00f3 que detr\u00e1s de cada espect\u00e1culo hay miles personas involucradas que viven de esta industria.<\/p>\n<p>La propuesta del Ministerio de Salud (Minsa) respecto a una posible suspensi\u00f3n de espect\u00e1culos para los meses de julio y agosto.<\/p>\n<p>Tras el inicio de la cuarta ola del COVID-19, generar\u00eda la p\u00e9rdida de empleo de 200,000 puestos de trabajo.<\/p>\n<p>Ademas de poner\u00a0en riesgo la cancelaci\u00f3n de 40 conciertos programados entre nacionales e internacionales, advirti\u00f3 la C\u00e1mara de Comercio de Lima (CCL).<\/p>\n<p>El presidente del Sector de Espect\u00e1culos Art\u00edsticos, Culturales y Afines (Arena) del Gremio de Servicios de la CCL, Jorge Fern\u00e1ndez.<\/p>\n<p>Indic\u00f3 que de concretarse la propuesta, ello representar\u00e1 un grave perjuicio a la industria del entretenimiento que, pese a la incertidumbre pol\u00edtica,.<\/p>\n<p>Ha\u00a0logrado un importante desempe\u00f1o desde abril de este a\u00f1o; luego de estar dos a\u00f1os paralizados por la pandemia.<\/p>\n<p>\u201cPor tanto, el gobierno debe descartar estas propuestas que atentan contra la reactivaci\u00f3n\u201d, dijo.<\/p>\n<p>Sostuvo que detr\u00e1s de cada espect\u00e1culo hay miles personas involucradas que viven de esta industria, tales como sonidistas, luminot\u00e9cnicos, camerinos, acomodadores, seguridad, catering, etc.<\/p>\n<p>&nbsp;<\/p>\n<h4>Como fuerza laboral que tambi\u00e9n est\u00e1 presente en eventos nacionales de salsa, cumbia y rock, actividades que han ido reactiv\u00e1ndose de manera progresiva.<\/h4>\n<p>\u201cTodos los eventos y conciertos, grandes y peque\u00f1os, vienen ascendiendo de forma vertiginosa esperando alcanzar para este a\u00f1o\u201d.<\/p>\n<p>\u201cUna cifra similar al nivel prepandemia, cercano a 100 conciertos, pues se esperaba mayores ventas en este segundo semestre\u201d, coment\u00f3 Jorge Fern\u00e1ndez.<\/p>\n<p>Indic\u00f3 que las declaraciones del ministro de Salud, Jorge L\u00f3pez, de evaluar la suspensi\u00f3n de fiestas, eventos y atenci\u00f3n de discotecas.<\/p>\n<p>Ha generado la paralizaci\u00f3n de las ventas de tickets.<\/p>\n<p>\u201cEl ministro no pens\u00f3 en las consecuencias que iba a ocasionar este tipo de anuncios, cuya afectaci\u00f3n no solo se ve en las p\u00e9rdidas econ\u00f3micas\u201d.<\/p>\n<p>\u201cAdemas del desempleo en el sector\u201d<\/p>\n<p>\u201cSino tambi\u00e9n significar\u00e1 para el Estado menores ingresos tributarios que se cobran por concepto de IGV (18%) e impuesto a la renta\u201d, sostuvo.<\/p>\n<p>En ese sentido, indic\u00f3 espera en el Ejecutivo,\u00a0desista de esta iniciativa que podr\u00eda aprobarse esta semana en la Presidencia del Consejo de Ministros (PCM).<\/p>\n<p>Dado que los conciertos en el pa\u00eds se vienen desarrollando \u00f3ptimamente.<\/p>\n<p>Una muestra de ello, explic\u00f3, es que por primera vez en el Per\u00fa dos artistas internacionales (Coldplay y Bad Bunny).<\/p>\n<p>Los cuales han registrado dos fechas con entradas totalmente agotadas (sold out), por lo que la industria del entretenimiento en estos momentos no puede parar.<\/p>\n<p>Consider\u00f3 que los eventos y los conciertos se pueden seguir desarrollando en la medida que se cumplan con las medidas sanitarias dictadas por el gobierno:<\/p>\n<p>Uso de mascarillas y contar de manera obligatoria con las tres vacunas contra la COVID-19.<\/p>\n","protected":false},"excerpt":{"rendered":"<p>Propuesta del Minsa tambi\u00e9n podr\u00eda cancelar unos 40 conciertos entre nacionales e internacionales. Suspensi\u00f3n de espect\u00e1culos : La CCL indic\u00f3 que detr\u00e1s de cada espect\u00e1culo hay miles personas involucradas que viven de esta industria. La propuesta del Ministerio de Salud (Minsa) respecto a una posible suspensi\u00f3n de espect\u00e1culos para los meses de julio y agosto. [&hellip;]<\/p>\n","protected":false},"author":1,"featured_media":7449,"comment_status":"open","ping_status":"closed","sticky":false,"template":"","format":"standard","meta":{"footnotes":""},"categories":[4,5],"tags":[],"class_list":["post-7447","post","type-post","status-publish","format-standard","has-post-thumbnail","hentry","category-espectaculos","category-internacional"],"_links":{"self":[{"href":"https:\/\/podernacional.com\/index.php?rest_route=\/wp\/v2\/posts\/7447","targetHints":{"allow":["GET"]}}],"collection":[{"href":"https:\/\/podernacional.com\/index.php?rest_route=\/wp\/v2\/posts"}],"about":[{"href":"https:\/\/podernacional.com\/index.php?rest_route=\/wp\/v2\/types\/post"}],"author":[{"embeddable":true,"href":"https:\/\/podernacional.com\/index.php?rest_route=\/wp\/v2\/users\/1"}],"replies":[{"embeddable":true,"href":"https:\/\/podernacional.com\/index.php?rest_route=%2Fwp%2Fv2%2Fcomments&post=7447"}],"version-history":[{"count":1,"href":"https:\/\/podernacional.com\/index.php?rest_route=\/wp\/v2\/posts\/7447\/revisions"}],"predecessor-version":[{"id":7448,"href":"https:\/\/podernacional.com\/index.php?rest_route=\/wp\/v2\/posts\/7447\/revisions\/7448"}],"wp:featuredmedia":[{"embeddable":true,"href":"https:\/\/podernacional.com\/index.php?rest_route=\/wp\/v2\/media\/7449"}],"wp:attachment":[{"href":"https:\/\/podernacional.com\/index.php?rest_route=%2Fwp%2Fv2%2Fmedia&parent=7447"}],"wp:term":[{"taxonomy":"category","embeddable":true,"href":"https:\/\/podernacional.com\/index.php?rest_route=%2Fwp%2Fv2%2Fcategories&post=7447"},{"taxonomy":"post_tag","embeddable":true,"href":"https:\/\/podernacional.com\/index.php?rest_route=%2Fwp%2Fv2%2Ftags&post=7447"}],"curies":[{"name":"wp","href":"https:\/\/api.w.org\/{rel}","templated":true}]}}