{"id":7465,"date":"2022-07-12T21:20:28","date_gmt":"2022-07-13T02:20:28","guid":{"rendered":"https:\/\/podernacional.com\/?p=7465"},"modified":"2022-07-13T02:20:29","modified_gmt":"2022-07-13T02:20:29","slug":"firman-convenio-de-colaboracion-el-gobierno-de-zacatecas-y-la-universidad-de-la-vera-cruz","status":"publish","type":"post","link":"https:\/\/podernacional.com\/?p=7465","title":{"rendered":"Firman convenio de colaboraci\u00f3n el Gobierno de Zacatecas y la Universidad de la Vera-Cruz"},"content":{"rendered":"<h4>Las y los 8 mil 500 trabajadores de Gobierno tendr\u00e1n descuentos de 30% para continuar con su formaci\u00f3n acad\u00e9mica<\/h4>\n<p>Convenio de colaboraci\u00f3n por su parte, las y los estudiantes podr\u00e1n desarrollar estancias dentro de la administraci\u00f3n p\u00fablica<\/p>\n<p>Zacatecas, Zac., Julio 2022.- El Gobierno de Zacatecas y la Universidad de la Vera-Cruz (UVC) firmaron un convenio de colaboraci\u00f3n.<\/p>\n<p>El cual busca\u00a0fomentar la profesionalizaci\u00f3n y formaci\u00f3n continua de las y los trabajadores de la administraci\u00f3n estatal.<\/p>\n<p>La Secretaria de Administraci\u00f3n, Ver\u00f3nica Yvette Hern\u00e1ndez L\u00f3pez de Lara, el Rector de la UVC, Carlos Gabriel L\u00f3pez Aranda Ram\u00edrez,.<\/p>\n<p>As\u00ed como el Director ejecutivo de la misma universidad, Emmanuel Salas Enciso, lograron este acuerdo.<\/p>\n<p>El cual\u00a0habr\u00e1 de beneficiar a las 8 mil 500 personas adscritas al Poder Ejecutivo de la entidad.<\/p>\n<p>De esta manera, el personal de la administraci\u00f3n estatal y sus familiares, tendr\u00e1n descuentos de 30 por ciento para cursar licenciaturas y posgrados.<\/p>\n<p>En las modalidades escolarizadas y ejecutivas, as\u00ed como en la secundaria del Colegio Santa Elena.<\/p>\n<p>A su vez, las y los estudiantes de la UVC tendr\u00e1n la oportunidad de realizar residencias y pr\u00e1cticas profesionales a trav\u00e9s de la Secretaria de Administraci\u00f3n.<\/p>\n<p>En las diferentes dependencias del gobierno estatal, lo que les ayudar\u00e1 en su formaci\u00f3n profesional y aumentar su competitividad.<\/p>\n<p>Hern\u00e1ndez L\u00f3pez de Lara resalt\u00f3 que, en esta nueva gobernanza, la capacitaci\u00f3n, actualizaci\u00f3n y formaci\u00f3n acad\u00e9mica de las y los trabajadores.<\/p>\n<p>Con esto, ayuda a transformar positivamente nuestra sociedad, toda vez que se desarrollan habilidades para resolver los retos sociales y econ\u00f3micos que puedan presentarse.<\/p>\n<p>\u201cEste convenio, no s\u00f3lo representa una mayor oferta educativa y formaci\u00f3n profesional\u201d.<\/p>\n<p>Sino es una muestra representativa de que a partir de la colaboraci\u00f3n entre instituciones podemos mejorar las condiciones de vida de la sociedad zacatecana.<\/p>\n<p>Ademas de generar la reconstrucci\u00f3n del tejido social\u201d, concluy\u00f3.<\/p>\n<p>Por ende, se firma convenio de colaboraci\u00f3n el Gobierno de Zacatecas y la Universidad de la Vera-Cruz<\/p>\n<p>&nbsp;<\/p>\n","protected":false},"excerpt":{"rendered":"<p>Las y los 8 mil 500 trabajadores de Gobierno tendr\u00e1n descuentos de 30% para continuar con su formaci\u00f3n acad\u00e9mica Convenio de colaboraci\u00f3n por su parte, las y los estudiantes podr\u00e1n desarrollar estancias dentro de la administraci\u00f3n p\u00fablica Zacatecas, Zac., Julio 2022.- El Gobierno de Zacatecas y la Universidad de la Vera-Cruz (UVC) firmaron un convenio [&hellip;]<\/p>\n","protected":false},"author":1,"featured_media":7467,"comment_status":"open","ping_status":"closed","sticky":false,"template":"","format":"standard","meta":{"footnotes":""},"categories":[7,9],"tags":[],"class_list":["post-7465","post","type-post","status-publish","format-standard","has-post-thumbnail","hentry","category-nacional","category-politica"],"_links":{"self":[{"href":"https:\/\/podernacional.com\/index.php?rest_route=\/wp\/v2\/posts\/7465","targetHints":{"allow":["GET"]}}],"collection":[{"href":"https:\/\/podernacional.com\/index.php?rest_route=\/wp\/v2\/posts"}],"about":[{"href":"https:\/\/podernacional.com\/index.php?rest_route=\/wp\/v2\/types\/post"}],"author":[{"embeddable":true,"href":"https:\/\/podernacional.com\/index.php?rest_route=\/wp\/v2\/users\/1"}],"replies":[{"embeddable":true,"href":"https:\/\/podernacional.com\/index.php?rest_route=%2Fwp%2Fv2%2Fcomments&post=7465"}],"version-history":[{"count":1,"href":"https:\/\/podernacional.com\/index.php?rest_route=\/wp\/v2\/posts\/7465\/revisions"}],"predecessor-version":[{"id":7466,"href":"https:\/\/podernacional.com\/index.php?rest_route=\/wp\/v2\/posts\/7465\/revisions\/7466"}],"wp:featuredmedia":[{"embeddable":true,"href":"https:\/\/podernacional.com\/index.php?rest_route=\/wp\/v2\/media\/7467"}],"wp:attachment":[{"href":"https:\/\/podernacional.com\/index.php?rest_route=%2Fwp%2Fv2%2Fmedia&parent=7465"}],"wp:term":[{"taxonomy":"category","embeddable":true,"href":"https:\/\/podernacional.com\/index.php?rest_route=%2Fwp%2Fv2%2Fcategories&post=7465"},{"taxonomy":"post_tag","embeddable":true,"href":"https:\/\/podernacional.com\/index.php?rest_route=%2Fwp%2Fv2%2Ftags&post=7465"}],"curies":[{"name":"wp","href":"https:\/\/api.w.org\/{rel}","templated":true}]}}