{"id":7480,"date":"2022-07-13T19:40:44","date_gmt":"2022-07-14T00:40:44","guid":{"rendered":"https:\/\/podernacional.com\/?p=7480"},"modified":"2022-07-14T00:40:46","modified_gmt":"2022-07-14T00:40:46","slug":"movistar-plus-cambia-el-nombre-de-los-canales-de-futbol-y-deportes","status":"publish","type":"post","link":"https:\/\/podernacional.com\/?p=7480","title":{"rendered":"Movistar Plus+ cambia el nombre de los canales de f\u00fatbol y deportes"},"content":{"rendered":"<h4>Ya solo faltan algunas semanas para que empiece por fin LaLiga.<\/h4>\n<p>Movistar Plus+: Eso est\u00e1 haciendo que aquellas operadoras que van a emitir sus partidos est\u00e9n movi\u00e9ndose para estar preparadas cuando el bal\u00f3n empiece a rodar.<\/p>\n<p>Ahora que ya est\u00e1 claro d\u00f3nde veremos el f\u00fatbol en la temporada 2022\/2023 (al menos de momento).<\/p>\n<p>Todav\u00eda queda por cambiar algunas cosas para hacerle la experiencia m\u00e1s f\u00e1cil al espectador.<\/p>\n<p>Eso est\u00e1 haciendo Movistar, que ha cambiado de nombre sus diales deportivos y de f\u00fatbol.<\/p>\n<p>Te contamos m\u00e1s sobre ello.<\/p>\n<p>La operadora azul nos tiene acostumbrados a hacer variaciones en sus diales, tanto grandes como otras m\u00e1s sutiles.<\/p>\n<p>Todas estas se suelen hacer para darle m\u00e1s coherencia a la distribuci\u00f3n de los canales por los diales.<\/p>\n<p>Algo que siempre facilita la navegaci\u00f3n del usuario por ellos.<\/p>\n<p>As\u00ed quedan los canales deportivos de Movistar Plus+<\/p>\n<p>Como decimos, no todos los cambios son como los que Movistar llev\u00f3 a cabo hace ya algunas semanas.<\/p>\n<p>En este caso, los cambios se han centrado especialmente en los canales deportivos y de f\u00fatbol que tiene el operador.<\/p>\n<p>&nbsp;<\/p>\n<h4>Algo que suena a preparativo para el comienzo de la competici\u00f3n liguera de nuestro pa\u00eds.<\/h4>\n<p>Estos canales que han cambiado lo han hecho de nombre, aunque lo cierto es que lo han hecho de una manera bastante sutil.<\/p>\n<p>Si eres usuario de Movistar, recordar\u00e1s que en la temporada pasada los canales de f\u00fatbol de LaLiga comenzaban en primer lugar por LaLiga por M+.<\/p>\n<p>A\u00a0continuaci\u00f3n a este le segu\u00eda LaLiga por M+ 1.<\/p>\n<p>Esto mismo ocurr\u00eda con los canales de la Liga de Campeones, donde el segundo canal para ver esta competici\u00f3n continental llevaba consigo el n\u00famero 1.<\/p>\n<p>Esta numeraci\u00f3n es diferente a la que por ejemplo tiene Movistar con su canal Estrenos por M+ (dial 11).<\/p>\n<p>Cuyo canal secundario tiene un n\u00famero 2 en lugar de un n\u00famero 1 (Estrenos por M+ 2, dial 12).<\/p>\n<p>De esta manera, vamos a ver en la parrilla de canales c\u00f3mo el primer canal de f\u00fatbol que hay.<\/p>\n<p>Que es el LaLiga por M+ (dial 52) va a ir seguido a partir de ahora por LaLiga por M+ 2 (dial 53).<\/p>\n<p>Por lo que desaparece del todo el n\u00famero 1 del nombre de los canales de LaLiga.<\/p>\n<p>Esto ocurrir\u00e1 con los canales de la Liga de Campeones, ya que el canal principal de esta competici\u00f3n (Liga de Campeones por M+, dial 56).<\/p>\n<p>Ir\u00e1 seguido ahora de Liga de Campeones por M+ 2 en el dial 57.<\/p>\n<p>&nbsp;<\/p>\n<h4>Por tanto, los canales principales de LaLiga y la Liga de Campeones quedar\u00e1n de la siguiente manera:<\/h4>\n<p>LaLiga por M+ \u2013 Dial 52<\/p>\n<p>LaLiga por M+ 2 \u2013 Dial 53<\/p>\n<p>LaLiga por M+ 3 \u2013 Dial 54<\/p>\n<p>LaLiga por M+ 4 \u2013 Dial 55<\/p>\n<p>Liga de Campeones por M+ \u2013 Dial 56<\/p>\n<p>Liga de Campeones por M+ 2 \u2013 Dial 57<\/p>\n<p>Liga de Campeones por M+ 3 \u2013 Dial 58<\/p>\n<p>Esto mismo que ha ocurrido con los canales de ambas competiciones tambi\u00e9n lo ha hecho con los canales de deportes de Movistar Plus+.<\/p>\n<p>A partir de ahora, el segundo canal deportivo de la plataforma ser\u00e1 el Deportes 2 por M+ (dial 60).<\/p>\n<p>A\u00a0este le seguir\u00e1n los dem\u00e1s que van desde el 3 al 8.<\/p>\n<p>Cabe recordar que los canales que van desde el 4 al 8 se sit\u00faan en los diales del 191 al 195.<\/p>\n","protected":false},"excerpt":{"rendered":"<p>Ya solo faltan algunas semanas para que empiece por fin LaLiga. Movistar Plus+: Eso est\u00e1 haciendo que aquellas operadoras que van a emitir sus partidos est\u00e9n movi\u00e9ndose para estar preparadas cuando el bal\u00f3n empiece a rodar. Ahora que ya est\u00e1 claro d\u00f3nde veremos el f\u00fatbol en la temporada 2022\/2023 (al menos de momento). Todav\u00eda queda [&hellip;]<\/p>\n","protected":false},"author":1,"featured_media":7482,"comment_status":"open","ping_status":"closed","sticky":false,"template":"","format":"standard","meta":{"footnotes":""},"categories":[3,4,7],"tags":[],"class_list":["post-7480","post","type-post","status-publish","format-standard","has-post-thumbnail","hentry","category-deportes","category-espectaculos","category-nacional"],"_links":{"self":[{"href":"https:\/\/podernacional.com\/index.php?rest_route=\/wp\/v2\/posts\/7480","targetHints":{"allow":["GET"]}}],"collection":[{"href":"https:\/\/podernacional.com\/index.php?rest_route=\/wp\/v2\/posts"}],"about":[{"href":"https:\/\/podernacional.com\/index.php?rest_route=\/wp\/v2\/types\/post"}],"author":[{"embeddable":true,"href":"https:\/\/podernacional.com\/index.php?rest_route=\/wp\/v2\/users\/1"}],"replies":[{"embeddable":true,"href":"https:\/\/podernacional.com\/index.php?rest_route=%2Fwp%2Fv2%2Fcomments&post=7480"}],"version-history":[{"count":1,"href":"https:\/\/podernacional.com\/index.php?rest_route=\/wp\/v2\/posts\/7480\/revisions"}],"predecessor-version":[{"id":7481,"href":"https:\/\/podernacional.com\/index.php?rest_route=\/wp\/v2\/posts\/7480\/revisions\/7481"}],"wp:featuredmedia":[{"embeddable":true,"href":"https:\/\/podernacional.com\/index.php?rest_route=\/wp\/v2\/media\/7482"}],"wp:attachment":[{"href":"https:\/\/podernacional.com\/index.php?rest_route=%2Fwp%2Fv2%2Fmedia&parent=7480"}],"wp:term":[{"taxonomy":"category","embeddable":true,"href":"https:\/\/podernacional.com\/index.php?rest_route=%2Fwp%2Fv2%2Fcategories&post=7480"},{"taxonomy":"post_tag","embeddable":true,"href":"https:\/\/podernacional.com\/index.php?rest_route=%2Fwp%2Fv2%2Ftags&post=7480"}],"curies":[{"name":"wp","href":"https:\/\/api.w.org\/{rel}","templated":true}]}}