{"id":7483,"date":"2022-07-13T19:54:37","date_gmt":"2022-07-14T00:54:37","guid":{"rendered":"https:\/\/podernacional.com\/?p=7483"},"modified":"2022-07-14T00:54:39","modified_gmt":"2022-07-14T00:54:39","slug":"por-chanclitas-discriminan-a-yeri-mua-en-local-de-playa-del-carmen","status":"publish","type":"post","link":"https:\/\/podernacional.com\/?p=7483","title":{"rendered":"Por \u00abchanclitas\u00bb, discriminan a Yeri MUA en local de Playa del Carmen"},"content":{"rendered":"<h4>\u00abMucho clasismo\u00bb: La influencer narr\u00f3 lo sucedido desde sus historias de Instagram<\/h4>\n<p>Yeri MUA en Veracruz, Ver.- \u00abEn serio que pas\u00e9 un mal ratito\u00bb, asegur\u00f3 la influencer veracruzana Yeri Mua.<\/p>\n<p>Luego de que le impidieran la entrada a un restaurante en Playa del Carmen, supuestamente por usar chanclas.<\/p>\n<p>A trav\u00e9s de sus historias en Instagram, la tambi\u00e9n reina del Carnaval de Veracruz 2022 comparti\u00f3, sin dar el nombre del restaurante.<\/p>\n<p>El cual fue el\u00a0que vivi\u00f3 un acto de \u00abmucho clasismo\u00bb, pues junto a su novio Brian Villegas \u00abEl Paponas\u00bb.<\/p>\n<p>Mencionan que no pudieron entrar a un establecimiento de comida.<\/p>\n<p>Yeri Mua y Paponas anunciaron con antelaci\u00f3n a sus seguidoras y seguidores que se encuentran de viaje por Canc\u00fan.<\/p>\n<p>Por lo que compartieron parte de su traves\u00eda por aquella ciudad.<\/p>\n<p>Sin embargo, al llegar la noche de ayer martes 12 de julio se toparon con que no pod\u00edan cenar, supuestamente por su forma de vestir.<\/p>\n<p>Mencionan ellos que:<\/p>\n<p>\u00abLos guangos de restaurante no me quer\u00edan dejar pasar, pero mis seguidores de ac\u00e1 me vinieron a ver y mejoraron mi noche\u201d.<\/p>\n<p>\u201cAdemas del porque en serio que pas\u00e9 un mal ratito\u00bb, dijo la veracruzana.<\/p>\n<p>A pesar de que no especificaron si se trat\u00f3 de su forma de vestir completa, hicieron alusi\u00f3n a que fue por utilizar chanclas:<\/p>\n<p>\u00abSi no nos quer\u00edan dejar pasar con las chanclitas Gucci imag\u00ednense si me hubiera puesto las de mojarra\u00bb, escribi\u00f3.<\/p>\n<p>Esta no es la primera ocasi\u00f3n en la que a la influencer le impiden la entrada aun establecimiento.<\/p>\n<p>En su viaje a Monterrey no le permitieron el acceso a un restaurante.<\/p>\n<p>En sus redes, Yeri Mua asegur\u00f3 que esto se debi\u00f3 a que no vest\u00eda como el c\u00f3digo de etiqueta del sitio.<\/p>\n<p>Por ende por \u00abchanclitas\u00bb, discriminan a Yeri MUA en local de Playa del Carmen<\/p>\n<p>&nbsp;<\/p>\n","protected":false},"excerpt":{"rendered":"<p>\u00abMucho clasismo\u00bb: La influencer narr\u00f3 lo sucedido desde sus historias de Instagram Yeri MUA en Veracruz, Ver.- \u00abEn serio que pas\u00e9 un mal ratito\u00bb, asegur\u00f3 la influencer veracruzana Yeri Mua. Luego de que le impidieran la entrada a un restaurante en Playa del Carmen, supuestamente por usar chanclas. A trav\u00e9s de sus historias en Instagram, [&hellip;]<\/p>\n","protected":false},"author":1,"featured_media":7485,"comment_status":"open","ping_status":"closed","sticky":false,"template":"","format":"standard","meta":{"footnotes":""},"categories":[4,6,10],"tags":[],"class_list":["post-7483","post","type-post","status-publish","format-standard","has-post-thumbnail","hentry","category-espectaculos","category-local","category-quintana-roo"],"_links":{"self":[{"href":"https:\/\/podernacional.com\/index.php?rest_route=\/wp\/v2\/posts\/7483","targetHints":{"allow":["GET"]}}],"collection":[{"href":"https:\/\/podernacional.com\/index.php?rest_route=\/wp\/v2\/posts"}],"about":[{"href":"https:\/\/podernacional.com\/index.php?rest_route=\/wp\/v2\/types\/post"}],"author":[{"embeddable":true,"href":"https:\/\/podernacional.com\/index.php?rest_route=\/wp\/v2\/users\/1"}],"replies":[{"embeddable":true,"href":"https:\/\/podernacional.com\/index.php?rest_route=%2Fwp%2Fv2%2Fcomments&post=7483"}],"version-history":[{"count":1,"href":"https:\/\/podernacional.com\/index.php?rest_route=\/wp\/v2\/posts\/7483\/revisions"}],"predecessor-version":[{"id":7484,"href":"https:\/\/podernacional.com\/index.php?rest_route=\/wp\/v2\/posts\/7483\/revisions\/7484"}],"wp:featuredmedia":[{"embeddable":true,"href":"https:\/\/podernacional.com\/index.php?rest_route=\/wp\/v2\/media\/7485"}],"wp:attachment":[{"href":"https:\/\/podernacional.com\/index.php?rest_route=%2Fwp%2Fv2%2Fmedia&parent=7483"}],"wp:term":[{"taxonomy":"category","embeddable":true,"href":"https:\/\/podernacional.com\/index.php?rest_route=%2Fwp%2Fv2%2Fcategories&post=7483"},{"taxonomy":"post_tag","embeddable":true,"href":"https:\/\/podernacional.com\/index.php?rest_route=%2Fwp%2Fv2%2Ftags&post=7483"}],"curies":[{"name":"wp","href":"https:\/\/api.w.org\/{rel}","templated":true}]}}