{"id":7492,"date":"2022-07-13T20:38:12","date_gmt":"2022-07-14T01:38:12","guid":{"rendered":"https:\/\/podernacional.com\/?p=7492"},"modified":"2022-07-14T01:38:13","modified_gmt":"2022-07-14T01:38:13","slug":"realiza-gobierno-de-zacatecas-curso-de-oratoria-para-jovenes","status":"publish","type":"post","link":"https:\/\/podernacional.com\/?p=7492","title":{"rendered":"Realiza Gobierno de Zacatecas Curso de Oratoria para j\u00f3venes"},"content":{"rendered":"<h4>Importante impulsar la participaci\u00f3n informada entre los j\u00f3venes<\/h4>\n<p>Curso de Oratoria: La pol\u00edtica demanda la participaci\u00f3n de la juventud<\/p>\n<p>Zacatecas, Zac., Julio de 2022.- Con el objetivo de atender a la ciudadan\u00eda joven zacatecana, como lo ha instruido el Gobernador David Monreal \u00c1vila.<\/p>\n<p>El Gobierno del Estado, por medio del Instituto de la Juventud (Injuventud), en coordinaci\u00f3n con el Instituto Electoral del Estado de Zacatecas (IEEZ).<\/p>\n<p>Inaugur\u00f3 los Cursos de Oratoria para j\u00f3venes.<\/p>\n<p>Lo anterior, con la finalidad de impulsar la discusi\u00f3n informada entre j\u00f3venes de 18 a 29 a\u00f1os de edad.<\/p>\n<p>Con el prop\u00f3sito de aportar al desarrollo de capacidades a favor de su participaci\u00f3n democr\u00e1tica.<\/p>\n<p>En su mensaje, Mauricio Acevedo Rodr\u00edguez, director general del Instituto de la Juventud del Estado de Zacatecas.<\/p>\n<p>Indic\u00f3 que, la lucha y las voces de las juventudes resuenan a lo largo del pa\u00eds.<\/p>\n<p>Con esto comienzan a tener repercusi\u00f3n en la vida p\u00fablica del estado.<\/p>\n<h4>Coment\u00f3 que, el estado necesita a m\u00e1s j\u00f3venes en todos los sectores, que se involucren, alcen la voz.<\/h4>\n<p>Ademas, participen en temas que inciden en la vida p\u00fablica y democr\u00e1tica de Zacatecas.<\/p>\n<p>Generar espacios e impulsar a las juventudes para que se preparen y logren ser verdaderos agentes de cambio.<\/p>\n<p>Dijo que, para esta nueva gobernanza, las juventudes son una prioridad, por eso que resulta fundamental el implementar este tipo de acciones que los beneficien.<\/p>\n<p>Por su parte, Juan Manuel Frausto Rueda, consejero presidente del Instituto Electoral del Estado de Zacatecas (IEEZ).<\/p>\n<p>Dijo que, el debate pol\u00edtico es parte fundamental de la democracia.<\/p>\n<p>No s\u00f3lo para que se expongan los diversos puntos de vista, diagn\u00f3sticos y los distintos proyectos de una naci\u00f3n o comunidad.<\/p>\n<p>Por ello, la importancia de la participaci\u00f3n informada, cr\u00edtica y responsable de la juventud en temas de inter\u00e9s pol\u00edtico.<\/p>\n<p>Agreg\u00f3 que, la pol\u00edtica no est\u00e1 re\u00f1ida con la juventud, por el contrario, la pol\u00edtica mexicana requiere y demanda su participaci\u00f3n.<\/p>\n<h4>Durante su participaci\u00f3n, Roc\u00edo Posadas Ram\u00edrez, del Tribunal de Justicia Electoral del Estado de Zacatecas (Trijeez)<\/h4>\n<p>Coment\u00f3 que en M\u00e9xico la pol\u00edtica tiene un gran impacto en la vida de las personas.<\/p>\n<p>Por ello, la importancia de conocer el funcionamiento pol\u00edtico y las instituciones de gobierno, as\u00ed como tener la capacidad de:<\/p>\n<p>Cuestionar, analizar y fortalecer con la expresi\u00f3n de las ideas.<\/p>\n<p>Durante este primer d\u00eda de actividades, se cont\u00f3 con las conferencias \u201cLa participaci\u00f3n pol\u00edtica de los j\u00f3venes\u201d, impartida por Juan Manuel Frausto Rueda.<\/p>\n<p>Dicho\u00a0consejero Presidente del IEEZ;<\/p>\n<p>\u201cJuventud, sujeto activo y pasivo en el fen\u00f3meno del delito\u201d, voz de Arturo Nahle Garc\u00eda, presidente del Tribunal Superior de Justicia del Estado de Zacatecas.<\/p>\n<p>As\u00ed como, \u201cSecretos de TED para hablar en p\u00fablico\u201d, impartida: Luis Guillermo Flores Ch\u00e1vez, director de promoci\u00f3n y difusi\u00f3n de valores del Ayuntamiento de Guadalupe.<\/p>\n<p>Por ende Realiza Gobierno de Zacatecas Curso de Oratoria para j\u00f3venes<\/p>\n","protected":false},"excerpt":{"rendered":"<p>Importante impulsar la participaci\u00f3n informada entre los j\u00f3venes Curso de Oratoria: La pol\u00edtica demanda la participaci\u00f3n de la juventud Zacatecas, Zac., Julio de 2022.- Con el objetivo de atender a la ciudadan\u00eda joven zacatecana, como lo ha instruido el Gobernador David Monreal \u00c1vila. El Gobierno del Estado, por medio del Instituto de la Juventud (Injuventud), [&hellip;]<\/p>\n","protected":false},"author":1,"featured_media":7494,"comment_status":"open","ping_status":"closed","sticky":false,"template":"","format":"standard","meta":{"footnotes":""},"categories":[2,7,9],"tags":[],"class_list":["post-7492","post","type-post","status-publish","format-standard","has-post-thumbnail","hentry","category-cultural","category-nacional","category-politica"],"_links":{"self":[{"href":"https:\/\/podernacional.com\/index.php?rest_route=\/wp\/v2\/posts\/7492","targetHints":{"allow":["GET"]}}],"collection":[{"href":"https:\/\/podernacional.com\/index.php?rest_route=\/wp\/v2\/posts"}],"about":[{"href":"https:\/\/podernacional.com\/index.php?rest_route=\/wp\/v2\/types\/post"}],"author":[{"embeddable":true,"href":"https:\/\/podernacional.com\/index.php?rest_route=\/wp\/v2\/users\/1"}],"replies":[{"embeddable":true,"href":"https:\/\/podernacional.com\/index.php?rest_route=%2Fwp%2Fv2%2Fcomments&post=7492"}],"version-history":[{"count":1,"href":"https:\/\/podernacional.com\/index.php?rest_route=\/wp\/v2\/posts\/7492\/revisions"}],"predecessor-version":[{"id":7493,"href":"https:\/\/podernacional.com\/index.php?rest_route=\/wp\/v2\/posts\/7492\/revisions\/7493"}],"wp:featuredmedia":[{"embeddable":true,"href":"https:\/\/podernacional.com\/index.php?rest_route=\/wp\/v2\/media\/7494"}],"wp:attachment":[{"href":"https:\/\/podernacional.com\/index.php?rest_route=%2Fwp%2Fv2%2Fmedia&parent=7492"}],"wp:term":[{"taxonomy":"category","embeddable":true,"href":"https:\/\/podernacional.com\/index.php?rest_route=%2Fwp%2Fv2%2Fcategories&post=7492"},{"taxonomy":"post_tag","embeddable":true,"href":"https:\/\/podernacional.com\/index.php?rest_route=%2Fwp%2Fv2%2Ftags&post=7492"}],"curies":[{"name":"wp","href":"https:\/\/api.w.org\/{rel}","templated":true}]}}