{"id":7512,"date":"2022-07-14T12:41:04","date_gmt":"2022-07-14T17:41:04","guid":{"rendered":"https:\/\/podernacional.com\/?p=7512"},"modified":"2022-07-14T17:41:05","modified_gmt":"2022-07-14T17:41:05","slug":"atletico-nacional-pone-trabas-para-la-salida-de-aldair-quintana-al-deportes-tolima","status":"publish","type":"post","link":"https:\/\/podernacional.com\/?p=7512","title":{"rendered":"Atl\u00e9tico Nacional pone trabas para la salida de Aldair Quintana al Deportes Tolima"},"content":{"rendered":"<h4>El golero de 28 a\u00f1os perdi\u00f3 el puesto en el arco Verdolaga con Kevin Mier, que fue figura clave en la consecuci\u00f3n de la estrella 17<\/h4>\n<p>Atl\u00e9tico Nacional : En medio de insultos, as\u00ed fue recibido Aldair Quintana por los hinchas de Atl\u00e9tico Nacional<\/p>\n<p>El pr\u00f3ximo viernes 15 de julio cierra el mercado de fichajes en el f\u00fatbol colombiano.<\/p>\n<p>Por lo tal los equipos del rentado local ultiman detalles para finiquitar las nuevas adquisiciones de cara al desarrollo de la Liga BetPlay Dimayor II.<\/p>\n<p>La cual arranc\u00f3 el pasado fin de semana.<\/p>\n<p>El actual subcampe\u00f3n colombiano trabaja incansablemente para fortalecer su n\u00f3mina y cumplir con los requerimientos de Hern\u00e1n Torres.<\/p>\n<p>Que luego del juego ante el Independiente Medell\u00edn se quej\u00f3 por el extenuante calendario.<\/p>\n<p>Dado que su equipo no ha tenido descanso tras culminar el torneo del primer semestre.<\/p>\n<h4>\u201cEs la primera vez en mi vida en el futbol profesional que un equipo no tiene vacaciones ni un d\u00eda libre\u201d<\/h4>\n<p>En cuanto a refuerzos, el Vinotinto y Oro trajo procedente de Jaguares de C\u00f3rdoba al delantero Andr\u00e9s El Topo Renter\u00eda.<\/p>\n<p>El que marc\u00f3 el tanto del empate ante el Poderoso de la Monta\u00f1a en el Manuel Murillo por la primera jornada del campeonato dom\u00e9stico.<\/p>\n<p>Asimismo, se habla de un posible acuerdo con Millonarios por los derechos deportivos del volante venezolano Eduardo Sosa.<\/p>\n<p>Teniendo como consecuencia la salida de Daniel Cata\u00f1o, duramente cuestionado por la afici\u00f3n del Pijao tras el penal errado en la final ante Atl\u00e9tico Nacional.<\/p>\n<p>Otra de las salidas que est\u00e1 pr\u00f3xima a darse en Tolima es la del guardameta ecuatoriano Alexander Dom\u00ednguez, que lleg\u00f3 a comienzos de 2022.<\/p>\n<p>Pero tendr\u00eda todo acordado para retornar a su pa\u00eds y defender los colores de la Liga Universitaria de Quito.<\/p>\n<p>Por esta raz\u00f3n, las directivas, el cuadro musical de Colombia, ya tienen al sustituto de Dom\u00ednguez.<\/p>\n<p>Se trata del golero al servicio de Atl\u00e9tico Nacional, Aldair Quintana.<\/p>\n<p>Que en el primer semestre perdi\u00f3 protagonismo con el Rey de Copas tras varios inconvenientes con la hinchada Verdolaga.<\/p>\n<h4>Aldair Quintana no la tiene f\u00e1cil para dejar las filas de Nacional<\/h4>\n<p>En di\u00e1logo con el programa deportivo F\u00fatbol Once de La Voz del Pueblo de Ibagu\u00e9, el segundo al mando del Tolima, C\u00e9sar Camargo Serrano.<\/p>\n<p>El cual se refiri\u00f3 a las negociaciones con Nacional por Quintana.<\/p>\n<p>Ademas de que dej\u00f3 claro que hay algunas trabas por lo que su fichaje est\u00e1 estancado de momento.<\/p>\n<p>\u201cDir\u00eda que un arquero, porque las cosas se han puesto muy complejas para poder venir, no tanto por \u00e9l, porque tiene ganas\u201d<\/p>\n<p>\u201cSino con el negocio del equipo propietario de sus derechos deportivos\u201d.<\/p>\n<p>Sobre la contrataci\u00f3n de Eduardo Sosa, Camargo revel\u00f3 que tuvieron que liberar el cupo de extranjero con la venta del delantero paraguayo Gustavo Ram\u00edrez.<\/p>\n<p>Que parti\u00f3 al f\u00fatbol argentino para jugar con Rosario Central de Carlos T\u00e9vez.<\/p>\n<p>\u201cSosa est\u00e1 muy cerca de llegar, estamos con detalles de carpinter\u00eda, dig\u00e1moslo as\u00ed (&#8230;) Toc\u00f3 hacer grandes cosas para que se diera lo de Sosa\u201d.<\/p>\n<p>\u201cTenemos gran confianza de que ser\u00e1 un gran refuerzo para esa posici\u00f3n\u201d.<\/p>\n<p>Del mismo modo, descart\u00f3 de manera tajante cualquier inter\u00e9s por el volante ecuatoriano de Independiente del Valle<\/p>\n<p>Junior Sornoza que dej\u00f3 una buena impresi\u00f3n en las confrontaciones por Libertadores en la fase de grupos.<\/p>\n<p>\u201cEs patrimonio del Independiente del Valle y es important\u00edsimo en su columna vertebral. No hemos preguntado\u201d.<\/p>\n<p>Por la fecha 2 de la Liga BetPlay Dimayor, el Deportes Tolima recibir\u00e1 este jueves al Deportivo Cali.<\/p>\n<p>Que contar\u00e1 con el debut en el banquillo t\u00e9cnico de Mayer Candelo que lleg\u00f3 a tomar el lugar que dej\u00f3 el venezolano Rafael Dudamel.<\/p>\n","protected":false},"excerpt":{"rendered":"<p>El golero de 28 a\u00f1os perdi\u00f3 el puesto en el arco Verdolaga con Kevin Mier, que fue figura clave en la consecuci\u00f3n de la estrella 17 Atl\u00e9tico Nacional : En medio de insultos, as\u00ed fue recibido Aldair Quintana por los hinchas de Atl\u00e9tico Nacional El pr\u00f3ximo viernes 15 de julio cierra el mercado de fichajes [&hellip;]<\/p>\n","protected":false},"author":1,"featured_media":7514,"comment_status":"open","ping_status":"closed","sticky":false,"template":"","format":"standard","meta":{"footnotes":""},"categories":[3,4,5],"tags":[],"class_list":["post-7512","post","type-post","status-publish","format-standard","has-post-thumbnail","hentry","category-deportes","category-espectaculos","category-internacional"],"_links":{"self":[{"href":"https:\/\/podernacional.com\/index.php?rest_route=\/wp\/v2\/posts\/7512","targetHints":{"allow":["GET"]}}],"collection":[{"href":"https:\/\/podernacional.com\/index.php?rest_route=\/wp\/v2\/posts"}],"about":[{"href":"https:\/\/podernacional.com\/index.php?rest_route=\/wp\/v2\/types\/post"}],"author":[{"embeddable":true,"href":"https:\/\/podernacional.com\/index.php?rest_route=\/wp\/v2\/users\/1"}],"replies":[{"embeddable":true,"href":"https:\/\/podernacional.com\/index.php?rest_route=%2Fwp%2Fv2%2Fcomments&post=7512"}],"version-history":[{"count":1,"href":"https:\/\/podernacional.com\/index.php?rest_route=\/wp\/v2\/posts\/7512\/revisions"}],"predecessor-version":[{"id":7513,"href":"https:\/\/podernacional.com\/index.php?rest_route=\/wp\/v2\/posts\/7512\/revisions\/7513"}],"wp:featuredmedia":[{"embeddable":true,"href":"https:\/\/podernacional.com\/index.php?rest_route=\/wp\/v2\/media\/7514"}],"wp:attachment":[{"href":"https:\/\/podernacional.com\/index.php?rest_route=%2Fwp%2Fv2%2Fmedia&parent=7512"}],"wp:term":[{"taxonomy":"category","embeddable":true,"href":"https:\/\/podernacional.com\/index.php?rest_route=%2Fwp%2Fv2%2Fcategories&post=7512"},{"taxonomy":"post_tag","embeddable":true,"href":"https:\/\/podernacional.com\/index.php?rest_route=%2Fwp%2Fv2%2Ftags&post=7512"}],"curies":[{"name":"wp","href":"https:\/\/api.w.org\/{rel}","templated":true}]}}