{"id":7515,"date":"2022-07-14T12:59:20","date_gmt":"2022-07-14T17:59:20","guid":{"rendered":"https:\/\/podernacional.com\/?p=7515"},"modified":"2022-07-14T17:59:22","modified_gmt":"2022-07-14T17:59:22","slug":"confirman-16-espectaculos-para-festival-de-verano","status":"publish","type":"post","link":"https:\/\/podernacional.com\/?p=7515","title":{"rendered":"Confirman 16 espect\u00e1culos para festival de verano"},"content":{"rendered":"<h4>Entre los shows musicales, infantiles y de comedia est\u00e1 el de los standuperos Mau Nieto y Capi P\u00e9rez. Las sedes ser\u00e1n el Centro de Espect\u00e1culos y Velaria<\/h4>\n<p>Festival de Verano se tienen confirmados 16 espect\u00e1culos musicales, infantiles y show de comedia.<\/p>\n<p>Pues la idea es que todos los integrantes de la familia disfruten de este evento que se realizar\u00e1 del 29 de julio al 14 de agosto.<\/p>\n<p>Este tipo de espect\u00e1culos se llevar\u00e1n a cabo en dos sedes: el Centro de Espect\u00e1culos de la Feria de Le\u00f3n (CEFEL) y en la Velaria.<\/p>\n<p>Algunos de los artistas que estar\u00e1n presenten en el Festival de Verano son: Invasores, Cardenales de Nuevo Le\u00f3n y Los Nietos de Ter\u00e1n.<\/p>\n<p>Quienes el 29 de julio ofrecer\u00e1n duelo de acordeones.<\/p>\n<p>Ademas, para los que prefieren la m\u00fasica pop se contar\u00e1n con la participaci\u00f3n de Paty Cant\u00fa el 30 de julio.<\/p>\n<p>La diversi\u00f3n de los m\u00e1s peque\u00f1os del hogar tambi\u00e9n es importante.<\/p>\n<p>Por ello se llevar\u00e1 a cabo la presentaci\u00f3n de Bely y Beto, as\u00ed como Peter Pan y los piratas de nunca jam\u00e1s.<\/p>\n<p>Ademas de, Encantados para ofrecer su show infantil.<\/p>\n<p>Tambi\u00e9n, la comedia es otro g\u00e9nero que estar\u00e1 presente en el Festival de Verano y el Capi P\u00e9rez.<\/p>\n<p>En conjunto con Mau Nieto ofrecer\u00e1n el espect\u00e1culo Save the Date.<\/p>\n<p>Los conciertos m\u00e1s esperados y que han causado m\u00e1s revuelo en redes sociales son el de Julio Preciado con Banda el Recodo.<\/p>\n<p>La cual menciona que ser\u00e1 el 13 de agosto.<\/p>\n<h4>As\u00ed como el del artista Residente que fue de los que m\u00e1s sorprendi\u00f3 y es la primera vez que viene a Le\u00f3n.<\/h4>\n<p>Este \u00faltimo ser\u00e1 el 10 de agosto.<\/p>\n<p>Tambi\u00e9n habr\u00e1 lucha libre con acceso gratuito.<\/p>\n<p>Ah\u00ed se contar\u00e1 con la participaci\u00f3n de Bobby Lee JR.<\/p>\n<p>Tambi\u00e9n del hijo de M\u00e1scara Sagrada y Bandido VS M\u00e1quina infernal, Diamante Azul y el Hijo del pirata Morgan.<\/p>\n<p>Con el Festival de Verano se avanza en la reactivaci\u00f3n econ\u00f3mica del municipio y del estado.<\/p>\n<p>Por ello se contar\u00e1n con protocolos de salud que garanticen seguridad a los asistentes.<\/p>\n","protected":false},"excerpt":{"rendered":"<p>Entre los shows musicales, infantiles y de comedia est\u00e1 el de los standuperos Mau Nieto y Capi P\u00e9rez. Las sedes ser\u00e1n el Centro de Espect\u00e1culos y Velaria Festival de Verano se tienen confirmados 16 espect\u00e1culos musicales, infantiles y show de comedia. Pues la idea es que todos los integrantes de la familia disfruten de este [&hellip;]<\/p>\n","protected":false},"author":1,"featured_media":7517,"comment_status":"open","ping_status":"closed","sticky":false,"template":"","format":"standard","meta":{"footnotes":""},"categories":[4,7],"tags":[],"class_list":["post-7515","post","type-post","status-publish","format-standard","has-post-thumbnail","hentry","category-espectaculos","category-nacional"],"_links":{"self":[{"href":"https:\/\/podernacional.com\/index.php?rest_route=\/wp\/v2\/posts\/7515","targetHints":{"allow":["GET"]}}],"collection":[{"href":"https:\/\/podernacional.com\/index.php?rest_route=\/wp\/v2\/posts"}],"about":[{"href":"https:\/\/podernacional.com\/index.php?rest_route=\/wp\/v2\/types\/post"}],"author":[{"embeddable":true,"href":"https:\/\/podernacional.com\/index.php?rest_route=\/wp\/v2\/users\/1"}],"replies":[{"embeddable":true,"href":"https:\/\/podernacional.com\/index.php?rest_route=%2Fwp%2Fv2%2Fcomments&post=7515"}],"version-history":[{"count":1,"href":"https:\/\/podernacional.com\/index.php?rest_route=\/wp\/v2\/posts\/7515\/revisions"}],"predecessor-version":[{"id":7516,"href":"https:\/\/podernacional.com\/index.php?rest_route=\/wp\/v2\/posts\/7515\/revisions\/7516"}],"wp:featuredmedia":[{"embeddable":true,"href":"https:\/\/podernacional.com\/index.php?rest_route=\/wp\/v2\/media\/7517"}],"wp:attachment":[{"href":"https:\/\/podernacional.com\/index.php?rest_route=%2Fwp%2Fv2%2Fmedia&parent=7515"}],"wp:term":[{"taxonomy":"category","embeddable":true,"href":"https:\/\/podernacional.com\/index.php?rest_route=%2Fwp%2Fv2%2Fcategories&post=7515"},{"taxonomy":"post_tag","embeddable":true,"href":"https:\/\/podernacional.com\/index.php?rest_route=%2Fwp%2Fv2%2Ftags&post=7515"}],"curies":[{"name":"wp","href":"https:\/\/api.w.org\/{rel}","templated":true}]}}