{"id":7531,"date":"2022-07-14T15:37:53","date_gmt":"2022-07-14T20:37:53","guid":{"rendered":"https:\/\/podernacional.com\/?p=7531"},"modified":"2022-07-14T20:37:54","modified_gmt":"2022-07-14T20:37:54","slug":"exhiben-obras-de-ninos-del-crit-quintana-roo-en-el-aeropuerto-de-cancun","status":"publish","type":"post","link":"https:\/\/podernacional.com\/?p=7531","title":{"rendered":"Exhiben obras de ni\u00f1os del CRIT Quintana Roo en el aeropuerto de Canc\u00fan"},"content":{"rendered":"<h4>El CRIT Quintana Roo inaugur\u00f3 la exposici\u00f3n Vibraciones de M\u00e9xico, que exhibe 16 obras de los ni\u00f1os y ni\u00f1as del centro.<\/h4>\n<p>CRIT: El Centro de Rehabilitaci\u00f3n e Inclusi\u00f3n Infantil Telet\u00f3n (CRIT) Quintana Roo inaugur\u00f3 la exposici\u00f3n Vibraciones de M\u00e9xico en el Aeropuerto Internacional de Canc\u00fan.<\/p>\n<p>La cual exhibe obras de los ni\u00f1os y ni\u00f1as de dicho centro.<\/p>\n<p>Inauguraci\u00f3n<\/p>\n<p>La exposici\u00f3n est\u00e1 conformada por 16 obras de ni\u00f1as y ni\u00f1os del CRIT Quintana Roo.<\/p>\n<p>Estas fueron elaboradas de la mano y con la gu\u00eda del reconocido artista pl\u00e1stico Juan Carlos Santoscoy.<\/p>\n<p>El CRIT Quintana Roo inaugura exposici\u00f3n Vibraciones de M\u00e9xico<\/p>\n<p>Ser\u00e1 el 18 de agosto cuando sean subastadas en el evento de recaudaci\u00f3n Mi Expresi\u00f3n al Mundo, en el que m\u00e1s de 350 asistentes.<\/p>\n<p>Los cuales podr\u00e1n disfrutar de un festival culinario, exposici\u00f3n de arte, espect\u00e1culos art\u00edsticos y subastas.<\/p>\n<p>El CRIT Quintana Roo inaugura exposici\u00f3n Vibraciones de M\u00e9xico<\/p>\n<h4>\u00bfQu\u00e9 es \u201cVibraciones de M\u00e9xico\u201d?<\/h4>\n<p>\u201cVibraciones de M\u00e9xico\u201d es una exposici\u00f3n que muestra las habilidades art\u00edsticas de los peque\u00f1os al plasmar.<\/p>\n<p>En cada una de sus pinturas sus sue\u00f1os, ilusiones y alegr\u00edas teniendo como obra principal una pieza art\u00edstica del maestro Santoscoy.<\/p>\n<p>El cual menciona que enmarca los valores culturales de M\u00e9xico, as\u00ed como su esp\u00edritu solidario y humanitario hacia las personas con alguna discapacidad.<\/p>\n<p>Cada obra contar\u00e1 con una ficha t\u00e9cnica y un c\u00f3digo QR.<\/p>\n<p>En la que mencionan que los viajeros de todo el mundo podr\u00e1n conocer m\u00e1s acerca del peque\u00f1o artista, escaneando dicho c\u00f3digo QR<\/p>\n<p>Sobre la forma como se elabor\u00f3 la obra pl\u00e1stica e inclusive se podr\u00e1 donar a la causa de Telet\u00f3n.<\/p>\n<p>El evento altruista busca no s\u00f3lo mostrar el talento de los peque\u00f1os artistas.<\/p>\n<p>Sino tambi\u00e9n recaudar fondos en beneficio de los peque\u00f1os y de la instituci\u00f3n.<\/p>\n<p>Como conclusi\u00f3n, estar\u00e1n exhibiendo obras de ni\u00f1os del CRIT Quintana Roo en el aeropuerto de Canc\u00fan<\/p>\n<p>&nbsp;<\/p>\n","protected":false},"excerpt":{"rendered":"<p>El CRIT Quintana Roo inaugur\u00f3 la exposici\u00f3n Vibraciones de M\u00e9xico, que exhibe 16 obras de los ni\u00f1os y ni\u00f1as del centro. CRIT: El Centro de Rehabilitaci\u00f3n e Inclusi\u00f3n Infantil Telet\u00f3n (CRIT) Quintana Roo inaugur\u00f3 la exposici\u00f3n Vibraciones de M\u00e9xico en el Aeropuerto Internacional de Canc\u00fan. La cual exhibe obras de los ni\u00f1os y ni\u00f1as de [&hellip;]<\/p>\n","protected":false},"author":1,"featured_media":7533,"comment_status":"open","ping_status":"closed","sticky":false,"template":"","format":"standard","meta":{"footnotes":""},"categories":[6,10],"tags":[],"class_list":["post-7531","post","type-post","status-publish","format-standard","has-post-thumbnail","hentry","category-local","category-quintana-roo"],"_links":{"self":[{"href":"https:\/\/podernacional.com\/index.php?rest_route=\/wp\/v2\/posts\/7531","targetHints":{"allow":["GET"]}}],"collection":[{"href":"https:\/\/podernacional.com\/index.php?rest_route=\/wp\/v2\/posts"}],"about":[{"href":"https:\/\/podernacional.com\/index.php?rest_route=\/wp\/v2\/types\/post"}],"author":[{"embeddable":true,"href":"https:\/\/podernacional.com\/index.php?rest_route=\/wp\/v2\/users\/1"}],"replies":[{"embeddable":true,"href":"https:\/\/podernacional.com\/index.php?rest_route=%2Fwp%2Fv2%2Fcomments&post=7531"}],"version-history":[{"count":1,"href":"https:\/\/podernacional.com\/index.php?rest_route=\/wp\/v2\/posts\/7531\/revisions"}],"predecessor-version":[{"id":7532,"href":"https:\/\/podernacional.com\/index.php?rest_route=\/wp\/v2\/posts\/7531\/revisions\/7532"}],"wp:featuredmedia":[{"embeddable":true,"href":"https:\/\/podernacional.com\/index.php?rest_route=\/wp\/v2\/media\/7533"}],"wp:attachment":[{"href":"https:\/\/podernacional.com\/index.php?rest_route=%2Fwp%2Fv2%2Fmedia&parent=7531"}],"wp:term":[{"taxonomy":"category","embeddable":true,"href":"https:\/\/podernacional.com\/index.php?rest_route=%2Fwp%2Fv2%2Fcategories&post=7531"},{"taxonomy":"post_tag","embeddable":true,"href":"https:\/\/podernacional.com\/index.php?rest_route=%2Fwp%2Fv2%2Ftags&post=7531"}],"curies":[{"name":"wp","href":"https:\/\/api.w.org\/{rel}","templated":true}]}}