{"id":7540,"date":"2022-07-15T19:46:58","date_gmt":"2022-07-16T00:46:58","guid":{"rendered":"https:\/\/podernacional.com\/?p=7540"},"modified":"2022-07-16T00:46:59","modified_gmt":"2022-07-16T00:46:59","slug":"participan-101-ninos-ninas-y-jovenes-poblanos-en-concurso-nacional-de-cultura-turistica","status":"publish","type":"post","link":"https:\/\/podernacional.com\/?p=7540","title":{"rendered":"Participan 101 ni\u00f1os, ni\u00f1as y j\u00f3venes poblanos en Concurso Nacional de Cultura Tur\u00edstica"},"content":{"rendered":"<h4>Dibujos y fotograf\u00edas resaltan el patrimonio, tradiciones, cultura e historia de los \u201cPueblos M\u00e1gicos\u201d de Puebla<\/h4>\n<p>Cultura Tur\u00edstica.- \u00a0Con el objetivo de generar identidad, promover la riqueza natural, hist\u00f3rica y cultural de los municipios denominados como \u201cPueblo M\u00e1gico\u201d.<\/p>\n<p>La Secretar\u00eda de Turismo federal, en coordinaci\u00f3n con las direcciones de Innovaci\u00f3n y Calidad.<\/p>\n<p>As\u00ed como Pueblos M\u00e1gicos de los estados, lleva a cabo el Concurso Nacional de Cultura Tur\u00edstica.<\/p>\n<p>El cual es \u201cPueblos M\u00e1gicos; Experiencia: Cultura, turismo y tradici\u00f3n\u201d.<\/p>\n<p>En esta edici\u00f3n, Puebla participa en la categor\u00eda infantil con 13 dibujos de ni\u00f1as y ni\u00f1os de entre 8 y 9 a\u00f1os.<\/p>\n<p>Del colegio \u201cJos\u00e9 Vasconcelos\u201d del municipio de Cuautlancingo.<\/p>\n<p>En la categor\u00eda adolescentes participaron 40 alumnos de 13 a 15 a\u00f1os de nivel secundaria de municipios como:<\/p>\n<p>Zihuateutla, Xicotepec de Ju\u00e1rez, Naupan, Huauchinango, Tlatlauquitepec y Teziutl\u00e1n.<\/p>\n<p>En la categor\u00eda j\u00f3venes, participan 40 fotograf\u00edas enviadas por chicos y chicas de entre 15 y 19 a\u00f1os de los municipios de:<\/p>\n<p>Amozoc, Puebla, Huatlatlauca, San Mart\u00edn Texmelucan, San Andr\u00e9s y San Pedro Cholula.<\/p>\n<p>Mientras que, en la categor\u00eda universitarios, se recibieron nueve registros de material publicado en la plataforma Tik-Tok.<\/p>\n<p>La cual fue la de j\u00f3venes inscritos en instituciones como Universidad Intercultural del Estado de Puebla.<\/p>\n<p>As\u00ed como la Universidad Interdisciplinaria de Emprendedores de San Mart\u00edn Texmelucan, Universidad Madero y la Benem\u00e9rita Universidad Aut\u00f3noma de Puebla (BUAP).<\/p>\n<p>Los trabajos que representar\u00e1n al estado ser\u00e1n evaluados a nivel nacional entre el 26 de julio y 6 de agosto.<\/p>\n<p>Con esto\u00a0la publicaci\u00f3n de resultados est\u00e1 programada para el 12 de agosto y la premiaci\u00f3n ser\u00e1 el pr\u00f3ximo 27 de septiembre.<\/p>\n<p>Por ende, estar\u00e1n participando 101 ni\u00f1os, ni\u00f1as y j\u00f3venes poblanos en Concurso Nacional de Cultura Tur\u00edstica, la cual se llevar\u00e1 a cabo en Puebla.<\/p>\n<p>De ademas, diversos municipios como: Zihuateutla, Xicotepec de Ju\u00e1rez, Naupan, Huauchinango, Tlatlauquitepec y Teziutl\u00e1n.<\/p>\n<p>&nbsp;<\/p>\n<p>&nbsp;<\/p>\n","protected":false},"excerpt":{"rendered":"<p>Dibujos y fotograf\u00edas resaltan el patrimonio, tradiciones, cultura e historia de los \u201cPueblos M\u00e1gicos\u201d de Puebla Cultura Tur\u00edstica.- \u00a0Con el objetivo de generar identidad, promover la riqueza natural, hist\u00f3rica y cultural de los municipios denominados como \u201cPueblo M\u00e1gico\u201d. La Secretar\u00eda de Turismo federal, en coordinaci\u00f3n con las direcciones de Innovaci\u00f3n y Calidad. As\u00ed como Pueblos [&hellip;]<\/p>\n","protected":false},"author":1,"featured_media":7542,"comment_status":"open","ping_status":"closed","sticky":false,"template":"","format":"standard","meta":{"footnotes":""},"categories":[2,7],"tags":[],"class_list":["post-7540","post","type-post","status-publish","format-standard","has-post-thumbnail","hentry","category-cultural","category-nacional"],"_links":{"self":[{"href":"https:\/\/podernacional.com\/index.php?rest_route=\/wp\/v2\/posts\/7540","targetHints":{"allow":["GET"]}}],"collection":[{"href":"https:\/\/podernacional.com\/index.php?rest_route=\/wp\/v2\/posts"}],"about":[{"href":"https:\/\/podernacional.com\/index.php?rest_route=\/wp\/v2\/types\/post"}],"author":[{"embeddable":true,"href":"https:\/\/podernacional.com\/index.php?rest_route=\/wp\/v2\/users\/1"}],"replies":[{"embeddable":true,"href":"https:\/\/podernacional.com\/index.php?rest_route=%2Fwp%2Fv2%2Fcomments&post=7540"}],"version-history":[{"count":1,"href":"https:\/\/podernacional.com\/index.php?rest_route=\/wp\/v2\/posts\/7540\/revisions"}],"predecessor-version":[{"id":7541,"href":"https:\/\/podernacional.com\/index.php?rest_route=\/wp\/v2\/posts\/7540\/revisions\/7541"}],"wp:featuredmedia":[{"embeddable":true,"href":"https:\/\/podernacional.com\/index.php?rest_route=\/wp\/v2\/media\/7542"}],"wp:attachment":[{"href":"https:\/\/podernacional.com\/index.php?rest_route=%2Fwp%2Fv2%2Fmedia&parent=7540"}],"wp:term":[{"taxonomy":"category","embeddable":true,"href":"https:\/\/podernacional.com\/index.php?rest_route=%2Fwp%2Fv2%2Fcategories&post=7540"},{"taxonomy":"post_tag","embeddable":true,"href":"https:\/\/podernacional.com\/index.php?rest_route=%2Fwp%2Fv2%2Ftags&post=7540"}],"curies":[{"name":"wp","href":"https:\/\/api.w.org\/{rel}","templated":true}]}}