{"id":7546,"date":"2022-07-15T20:07:54","date_gmt":"2022-07-16T01:07:54","guid":{"rendered":"https:\/\/podernacional.com\/?p=7546"},"modified":"2022-07-16T01:07:55","modified_gmt":"2022-07-16T01:07:55","slug":"almassora-se-convierte-en-la-capital-provincial-de-los-espectaculos-circenses","status":"publish","type":"post","link":"https:\/\/podernacional.com\/?p=7546","title":{"rendered":"Almassora se convierte en la capital provincial de los espect\u00e1culos circenses"},"content":{"rendered":"<h4>Almassora, \u00fanico municipio de la provincia en conseguir la subvenci\u00f3n Circo a Escena 2022<\/h4>\n<p>El Ayuntamiento de Almassora ha sido el \u00fanico municipio de la provincia en conseguir la subvenci\u00f3n del circuito Circo a Escena 2022.<\/p>\n<p>El cual est\u00e1 organizado por La Red espa\u00f1ola de Teatros, Auditorios, Circuitos y Festivales de Titularidad P\u00fablica.<\/p>\n<p>Con la ayuda del Instituto Nacional de las Artes Esc\u00e9nicas y de la M\u00fasica (INAEM).<\/p>\n<p>Conforme indica el contrato, el consistorio cofinanciar\u00e1 al 50% los cach\u00e9s de los espect\u00e1culos circenses seleccionados a lo largo del programa.<\/p>\n<p>En este sentido, la iniciativa aportar\u00e1 un m\u00e1ximo de 10.000 euros a cuatro compa\u00f1\u00edas que ofrecer\u00e1n sus espect\u00e1culos.<\/p>\n<p>En el municipio entre los meses de septiembre, octubre, noviembre y diciembre.<\/p>\n<p>Por tanto, los objetivos del proyecto son fomentar la visibilidad de todos los formatos de circo entre el vecindario.<\/p>\n<p>Ademas de que busca, incrementar la presencia de este estilo de actividades en la programaci\u00f3n cultural.<\/p>\n<p>As\u00ed, la compa\u00f1\u00eda Kanbahiota realizar\u00e1 el espect\u00e1culo \u2018La Rueda\u2019 el 17 de septiembre en la plaza Mayor.<\/p>\n<p>Por otro lado, la asociaci\u00f3n Circobaya exhibir\u00e1 \u2018La Litera\u2019 el 15 de octubre en la plaza Pere Cornell.<\/p>\n<p>El mismo lugar acoger\u00e1 a la empresa gallega C\u00eda La Sincro el 19 de noviembre para representar \u2018Ohlimpiadas\u2019.<\/p>\n<p>Y, por \u00faltimo, la entidad alicantina C\u00eda Lucas Escobedo cerrar\u00e1 el circuito Circo en Escena 2022 en Almassora,<\/p>\n<p>Dicha fecha el 18 de diciembre en la Casa de la Cultura con \u2018Pa\u00fcra\u2019.<\/p>\n<p>\u201cLa idea es potenciar y dar a conocer la variedad de actividades relacionadas con esta disciplina\u201d, ha comentado el concejal de Cultura, Javier Moll\u00e1\u201d.<\/p>\n<p>En cuanto a las exhibiciones relacionadas con el circo, Almassora tambi\u00e9n cuenta con el Festival de Teatre, Animaci\u00f3 i M\u00fasica al Carrer (FESTAM!).<\/p>\n<p>Ademas, para aquellas personas interesadas en este arte esc\u00e9nico.<\/p>\n<p>Sin embargo, las actuaciones del circuito Circo a Escena estar\u00e1n destinadas a todo tipo de edades.<\/p>\n<p>&nbsp;<\/p>\n<p>&nbsp;<\/p>\n","protected":false},"excerpt":{"rendered":"<p>Almassora, \u00fanico municipio de la provincia en conseguir la subvenci\u00f3n Circo a Escena 2022 El Ayuntamiento de Almassora ha sido el \u00fanico municipio de la provincia en conseguir la subvenci\u00f3n del circuito Circo a Escena 2022. El cual est\u00e1 organizado por La Red espa\u00f1ola de Teatros, Auditorios, Circuitos y Festivales de Titularidad P\u00fablica. Con la [&hellip;]<\/p>\n","protected":false},"author":1,"featured_media":7548,"comment_status":"open","ping_status":"closed","sticky":false,"template":"","format":"standard","meta":{"footnotes":""},"categories":[4,5],"tags":[],"class_list":["post-7546","post","type-post","status-publish","format-standard","has-post-thumbnail","hentry","category-espectaculos","category-internacional"],"_links":{"self":[{"href":"https:\/\/podernacional.com\/index.php?rest_route=\/wp\/v2\/posts\/7546","targetHints":{"allow":["GET"]}}],"collection":[{"href":"https:\/\/podernacional.com\/index.php?rest_route=\/wp\/v2\/posts"}],"about":[{"href":"https:\/\/podernacional.com\/index.php?rest_route=\/wp\/v2\/types\/post"}],"author":[{"embeddable":true,"href":"https:\/\/podernacional.com\/index.php?rest_route=\/wp\/v2\/users\/1"}],"replies":[{"embeddable":true,"href":"https:\/\/podernacional.com\/index.php?rest_route=%2Fwp%2Fv2%2Fcomments&post=7546"}],"version-history":[{"count":1,"href":"https:\/\/podernacional.com\/index.php?rest_route=\/wp\/v2\/posts\/7546\/revisions"}],"predecessor-version":[{"id":7547,"href":"https:\/\/podernacional.com\/index.php?rest_route=\/wp\/v2\/posts\/7546\/revisions\/7547"}],"wp:featuredmedia":[{"embeddable":true,"href":"https:\/\/podernacional.com\/index.php?rest_route=\/wp\/v2\/media\/7548"}],"wp:attachment":[{"href":"https:\/\/podernacional.com\/index.php?rest_route=%2Fwp%2Fv2%2Fmedia&parent=7546"}],"wp:term":[{"taxonomy":"category","embeddable":true,"href":"https:\/\/podernacional.com\/index.php?rest_route=%2Fwp%2Fv2%2Fcategories&post=7546"},{"taxonomy":"post_tag","embeddable":true,"href":"https:\/\/podernacional.com\/index.php?rest_route=%2Fwp%2Fv2%2Ftags&post=7546"}],"curies":[{"name":"wp","href":"https:\/\/api.w.org\/{rel}","templated":true}]}}