{"id":7549,"date":"2022-07-15T20:15:29","date_gmt":"2022-07-16T01:15:29","guid":{"rendered":"https:\/\/podernacional.com\/?p=7549"},"modified":"2022-07-16T01:15:30","modified_gmt":"2022-07-16T01:15:30","slug":"amistoso-internacional-america-le-gano-1-0-a-bayer-leverkusen-con-gol-de-janelly-farias","status":"publish","type":"post","link":"https:\/\/podernacional.com\/?p=7549","title":{"rendered":"Amistoso internacional: Am\u00e9rica le gan\u00f3 1-0 a Bayer Leverkusen con gol de Janelly Far\u00edas"},"content":{"rendered":"<h4>Un tanto en solitario de la defensa central azulcrema le vali\u00f3 a las \u00c1guilas para derrotar al conjunto alem\u00e1n.<\/h4>\n<p>Amistoso internacional: \u00a1LLEG\u00d3 EL BOMBAZO! Am\u00e9rica anuncia fichaje procedente del Real Madrid<\/p>\n<p>Los mejores goles de Richard S\u00e1nchez con Am\u00e9rica<\/p>\n<p>Far\u00edas anot\u00f3 el \u00fanico tanto del encuentro.<\/p>\n<p>El d\u00eda tan esperado por Am\u00e9rica Femenil lleg\u00f3 este viernes, cuando en el Estadio Azteca recibieron a Bayer Leverkusen el primer partido amistoso internacional.<\/p>\n<p>El cual fue contra un equipo europeo en la historia de un club de la categor\u00eda en la Liga MX.<\/p>\n<p>Por lo que la expectativa que la instituci\u00f3n se gener\u00f3 fue elevada desde d\u00edas previos a la cita.<\/p>\n<p>Los aficionados respondieron al llamado y poco m\u00e1s de 10 mil seguidores se dieron cita en el Coloso de Santa \u00darsula.<\/p>\n<p>Ademas que busca para presenciar un encuentro.<\/p>\n<p>Adem\u00e1s de disfrutar de las actividades previas al mismo que tuvieron que ver con exposiciones gastron\u00f3micas de comida mexicana y alemana.<\/p>\n<p>As\u00ed como un show musical del grupo Moderatto.<\/p>\n<p>En el desarrollo del encuentro, \u00c1ngel Villacampa mand\u00f3 a lo mejor que ten\u00eda disponible en su alineaci\u00f3n titular.<\/p>\n<p>Esto en el entendido de que no pod\u00eda echar mano de jugadoras como Scarlett Camberos por lesi\u00f3n o Katty Mart\u00ednez.<\/p>\n<p>Quien a pesar de estar en la banca, no vio minutos tras su participaci\u00f3n en el Premundial.<\/p>\n<p>Las azulcremas estuvieron cerca de abrir el marcador en un par de oportunidades.<\/p>\n<p>La m\u00e1s importante en una escapada de Kiana Palacios en la que lleg\u00f3 al \u00e1rea sin marca.<\/p>\n<p>En la cual qued\u00f3 mano a mano con la portera Friederike Repohl.<\/p>\n<p>Quien salv\u00f3 su arco con una estirada de su pierna derecha que evit\u00f3 el tanto milloneta.<\/p>\n<p>&nbsp;<\/p>\n<h4>JANELLY FAR\u00cdAS RESOLVI\u00d3 EL PARTIDO<\/h4>\n<p>Cuando se acercaba la recta final y parec\u00eda que todo quedaba en un empate sin goles.<\/p>\n<p>Janelly Far\u00edas apareci\u00f3 dentro del \u00e1rea para rematar de cabeza un centro preciso de Naomi Mu\u00f1oz que sirvi\u00f3 para romper el cero.<\/p>\n<p>Con esto a darle la victoria a las azulcremas por la m\u00ednima diferencia en un encuentro que quedar\u00e1 para el recuerdo por el roce internacional.<\/p>\n","protected":false},"excerpt":{"rendered":"<p>Un tanto en solitario de la defensa central azulcrema le vali\u00f3 a las \u00c1guilas para derrotar al conjunto alem\u00e1n. Amistoso internacional: \u00a1LLEG\u00d3 EL BOMBAZO! Am\u00e9rica anuncia fichaje procedente del Real Madrid Los mejores goles de Richard S\u00e1nchez con Am\u00e9rica Far\u00edas anot\u00f3 el \u00fanico tanto del encuentro. El d\u00eda tan esperado por Am\u00e9rica Femenil lleg\u00f3 este [&hellip;]<\/p>\n","protected":false},"author":1,"featured_media":7551,"comment_status":"open","ping_status":"closed","sticky":false,"template":"","format":"standard","meta":{"footnotes":""},"categories":[3,5],"tags":[],"class_list":["post-7549","post","type-post","status-publish","format-standard","has-post-thumbnail","hentry","category-deportes","category-internacional"],"_links":{"self":[{"href":"https:\/\/podernacional.com\/index.php?rest_route=\/wp\/v2\/posts\/7549","targetHints":{"allow":["GET"]}}],"collection":[{"href":"https:\/\/podernacional.com\/index.php?rest_route=\/wp\/v2\/posts"}],"about":[{"href":"https:\/\/podernacional.com\/index.php?rest_route=\/wp\/v2\/types\/post"}],"author":[{"embeddable":true,"href":"https:\/\/podernacional.com\/index.php?rest_route=\/wp\/v2\/users\/1"}],"replies":[{"embeddable":true,"href":"https:\/\/podernacional.com\/index.php?rest_route=%2Fwp%2Fv2%2Fcomments&post=7549"}],"version-history":[{"count":1,"href":"https:\/\/podernacional.com\/index.php?rest_route=\/wp\/v2\/posts\/7549\/revisions"}],"predecessor-version":[{"id":7550,"href":"https:\/\/podernacional.com\/index.php?rest_route=\/wp\/v2\/posts\/7549\/revisions\/7550"}],"wp:featuredmedia":[{"embeddable":true,"href":"https:\/\/podernacional.com\/index.php?rest_route=\/wp\/v2\/media\/7551"}],"wp:attachment":[{"href":"https:\/\/podernacional.com\/index.php?rest_route=%2Fwp%2Fv2%2Fmedia&parent=7549"}],"wp:term":[{"taxonomy":"category","embeddable":true,"href":"https:\/\/podernacional.com\/index.php?rest_route=%2Fwp%2Fv2%2Fcategories&post=7549"},{"taxonomy":"post_tag","embeddable":true,"href":"https:\/\/podernacional.com\/index.php?rest_route=%2Fwp%2Fv2%2Ftags&post=7549"}],"curies":[{"name":"wp","href":"https:\/\/api.w.org\/{rel}","templated":true}]}}