{"id":7552,"date":"2022-07-15T20:34:22","date_gmt":"2022-07-16T01:34:22","guid":{"rendered":"https:\/\/podernacional.com\/?p=7552"},"modified":"2022-07-16T01:34:23","modified_gmt":"2022-07-16T01:34:23","slug":"cancun-empresarios-buscan-aval-de-amlo-para-traer-la-formula-1","status":"publish","type":"post","link":"https:\/\/podernacional.com\/?p=7552","title":{"rendered":"Canc\u00fan: empresarios buscan aval de AMLO para traer la F\u00f3rmula 1"},"content":{"rendered":"<h4>El empresario y padre del piloto mexicano Sergio \u201cCheco\u201d P\u00e9rez, Antonio P\u00e9rez Garibay, dio a conocer el proyecto que encabeza para lograr.<\/h4>\n<p>F\u00f3rmula 1: Por fin, la realizaci\u00f3n del Gran Premio de F\u00f3rmula 1 en Canc\u00fan, lo que requerir\u00e1 una inversi\u00f3n de entre 400 y 600 millones de d\u00f3lares.<\/p>\n<p>En declaraciones al diario El Universal, el tambi\u00e9n diputado federal de Morena por el estado de Jalisco.<\/p>\n<p>Se\u00f1al\u00f3 que la iniciativa por lograr la F\u00f3rmula 1 en Canc\u00fan tendr\u00e1 como primer punto conseguir la inversi\u00f3n para lograr lo m\u00e1s importante:<\/p>\n<p>La construcci\u00f3n del circuito.<\/p>\n<p>\u201cLa primera etapa es asegurar el 2025 (como primero de seis a\u00f1os de sede de esa carrera)\u201d.<\/p>\n<p>La inversi\u00f3n que est\u00e1 en alrededor de los 400 a los 600 millones de d\u00f3lares para construir todo el escenario, estim\u00f3.<\/p>\n<p>\u201cVa a ser el mejor Gran Premio del mundo y de la historia de la F\u00f3rmula 1\u201d, asegur\u00f3.<\/p>\n<p>La millonaria inversi\u00f3n no la har\u00e1 una sola persona, seg\u00fan P\u00e9rez Garibay.<\/p>\n<p>Quien explic\u00f3 que \u201chay empresarios interesados, tanto propietarios de la tierra como inversionistas, estamos haciendo un fondo econ\u00f3mico a nivel internacional.<\/p>\n<p>Tambi\u00e9n adelant\u00f3 que ya escogieron la zona donde se construir\u00e1 el aut\u00f3dromo y s\u00f3lo est\u00e1n en una etapa de reajuste para proteger la naturaleza.<\/p>\n<p>Adem\u00e1s, dijo que su hijo, Sergio \u201cCheco\u201d P\u00e9rez, y la escuder\u00eda Red Bull le han brindado el apoyo para la planeaci\u00f3n.<\/p>\n<p>Aunque entiende que no es algo f\u00e1cil.<\/p>\n<p>Incluso, record\u00f3 que tuvieron que pasar 30 a\u00f1os para que el Gran Premio de M\u00e9xico volviera.<\/p>\n<p>Por lo que en este proceso quiere actuar con cautela.<\/p>\n<p>P\u00e9rez Garibay afirm\u00f3 que pr\u00f3ximamente se reunir\u00e1 con la gobernadora electa de Quintana Roo.<\/p>\n<p>Mara Lezama, pero en primera instancia ya se reuni\u00f3 con el presidente Andr\u00e9s Manuel L\u00f3pez Obrador.<\/p>\n<p>\u201cYa lo platiqu\u00e9 con el presidente de la Rep\u00fablica, primero me coment\u00f3 que no hay recursos, yo le dije que no los necesito\u201d.<\/p>\n<p>Los estoy consiguiendo con empresarios y es como podr\u00eda llevarse a cabo este Gran Premio.<\/p>\n<p>Adem\u00e1s, la derrama econ\u00f3mica ser\u00eda muy grande para el pa\u00eds, afirm\u00f3.<\/p>\n<p>El a\u00f1o pasado P\u00e9rez Garibay hab\u00eda manifestado su deseo de concretar estar iniciativa al considerar que se debe apostar por atraer a Canc\u00fan eventos internacionales.<\/p>\n<p>(Canc\u00fan lucha por acoger una carrera de F\u00f3rmula 1 en 2024)<\/p>\n","protected":false},"excerpt":{"rendered":"<p>El empresario y padre del piloto mexicano Sergio \u201cCheco\u201d P\u00e9rez, Antonio P\u00e9rez Garibay, dio a conocer el proyecto que encabeza para lograr. F\u00f3rmula 1: Por fin, la realizaci\u00f3n del Gran Premio de F\u00f3rmula 1 en Canc\u00fan, lo que requerir\u00e1 una inversi\u00f3n de entre 400 y 600 millones de d\u00f3lares. En declaraciones al diario El Universal, [&hellip;]<\/p>\n","protected":false},"author":1,"featured_media":7554,"comment_status":"open","ping_status":"closed","sticky":false,"template":"","format":"standard","meta":{"footnotes":""},"categories":[6,10],"tags":[],"class_list":["post-7552","post","type-post","status-publish","format-standard","has-post-thumbnail","hentry","category-local","category-quintana-roo"],"_links":{"self":[{"href":"https:\/\/podernacional.com\/index.php?rest_route=\/wp\/v2\/posts\/7552","targetHints":{"allow":["GET"]}}],"collection":[{"href":"https:\/\/podernacional.com\/index.php?rest_route=\/wp\/v2\/posts"}],"about":[{"href":"https:\/\/podernacional.com\/index.php?rest_route=\/wp\/v2\/types\/post"}],"author":[{"embeddable":true,"href":"https:\/\/podernacional.com\/index.php?rest_route=\/wp\/v2\/users\/1"}],"replies":[{"embeddable":true,"href":"https:\/\/podernacional.com\/index.php?rest_route=%2Fwp%2Fv2%2Fcomments&post=7552"}],"version-history":[{"count":1,"href":"https:\/\/podernacional.com\/index.php?rest_route=\/wp\/v2\/posts\/7552\/revisions"}],"predecessor-version":[{"id":7553,"href":"https:\/\/podernacional.com\/index.php?rest_route=\/wp\/v2\/posts\/7552\/revisions\/7553"}],"wp:featuredmedia":[{"embeddable":true,"href":"https:\/\/podernacional.com\/index.php?rest_route=\/wp\/v2\/media\/7554"}],"wp:attachment":[{"href":"https:\/\/podernacional.com\/index.php?rest_route=%2Fwp%2Fv2%2Fmedia&parent=7552"}],"wp:term":[{"taxonomy":"category","embeddable":true,"href":"https:\/\/podernacional.com\/index.php?rest_route=%2Fwp%2Fv2%2Fcategories&post=7552"},{"taxonomy":"post_tag","embeddable":true,"href":"https:\/\/podernacional.com\/index.php?rest_route=%2Fwp%2Fv2%2Ftags&post=7552"}],"curies":[{"name":"wp","href":"https:\/\/api.w.org\/{rel}","templated":true}]}}