{"id":7555,"date":"2022-07-15T20:48:47","date_gmt":"2022-07-16T01:48:47","guid":{"rendered":"https:\/\/podernacional.com\/?p=7555"},"modified":"2022-07-16T01:48:48","modified_gmt":"2022-07-16T01:48:48","slug":"bbva-elevo-el-pronostico-de-crecimiento-de-mexico-a-2-para-este-ano","status":"publish","type":"post","link":"https:\/\/podernacional.com\/?p=7555","title":{"rendered":"BBVA elev\u00f3 el pron\u00f3stico de crecimiento de M\u00e9xico a 2% para este a\u00f1o"},"content":{"rendered":"<h4>Para 2023, el banco redujo su perspectiva de crecimiento a 1.6%.<\/h4>\n<p>BBVA: Al tiempo que detall\u00f3 en el que la econom\u00eda mexicana enfrentar\u00e1 \u201cun entorno m\u00e1s adverso\u201d en la segunda mitad del pr\u00f3ximo a\u00f1o<\/p>\n<p>BBVA \u00a0elev\u00f3 el pron\u00f3stico de crecimiento de M\u00e9xico a 2% para 2022. En contraste, los redujo para el pr\u00f3ximo a\u00f1o.<\/p>\n<p>Con esto, elev\u00f3 su pron\u00f3stico de crecimiento del producto Interno Bruto (PIB) de M\u00e9xico para 2022 a 2% desde una estimaci\u00f3n previa de 1.2 %,.<\/p>\n<p>Aunque advirti\u00f3 de una posible ralentizaci\u00f3n de la econom\u00eda por una menor inversi\u00f3n y consumo interno.<\/p>\n<p>En su informe \u201cSituaci\u00f3n M\u00e9xico\u201d, el banco redujo la perspectiva de crecimiento para 2023 a 1.6 % desde un 2.1% previo,.<\/p>\n<p>Principalmente por la recesi\u00f3n esperada el pr\u00f3ximo a\u00f1o para la econom\u00eda de Estados Unidos, que es el principal socio comercial del pa\u00eds.<\/p>\n<p>\u201cAqu\u00ed (M\u00e9xico) no hay definici\u00f3n oficial de recesi\u00f3n, lo que estamos anticipando es una desaceleraci\u00f3n hacia el a\u00f1o que viene\u201d.<\/p>\n<p>Destac\u00f3 Carlos Serrano, economista en jefe de BBVA M\u00e9xico.<\/p>\n<p>Las estimaciones de BBVA se dan luego de una contracci\u00f3n hist\u00f3rica de 8.2% del PIB de M\u00e9xico en 2020.<\/p>\n<p>El repunte insuficiente de 4.8% en 2021.<\/p>\n<p>Mientras que la Secretar\u00eda de Hacienda y Cr\u00e9dito P\u00fablico (SHCP) prev\u00e9 de manera oficial un crecimiento puntual del 3.4 % del PIB para este 2022.<\/p>\n<p>Said\u00e9 Salazar, economista principal de BBVA M\u00e9xico, detall\u00f3 que el lapso de tiempo en el que la econom\u00eda mexicana enfrentar\u00e1 \u201cun entorno m\u00e1s adverso\u201d .<\/p>\n<p>Ser\u00e1 en la segunda mitad de 2023, \u201cen l\u00ednea con el menor dinamismo que anticipamos para Estados Unidos en ese mismo periodo\u201d.<\/p>\n<p>Los analistas del BBVA comentaron que la mejor perspectiva para el cierre de 2022 de M\u00e9xico se debe al \u201cbuen desempe\u00f1o\u201d.<\/p>\n<p>De la actividad econ\u00f3mica de la primera mitad del a\u00f1o, principalmente por el sector terciario, de los servicios y el turismo.<\/p>\n<p>El consumo interno de los mexicanos repunt\u00f3 3.4 % con respecto al \u00faltimo trimestre de 2021.<\/p>\n<p>Mientras que el indicador de consumo de BBVA Research mostr\u00f3 un crecimiento en el segmento de servicios.<\/p>\n<p>Particularmente, en el turismo y el entretenimiento durante marzo y abril pasados, impulsado por los periodos vacacionales de M\u00e9xico y Estados Unidos.<\/p>\n<p>Sin embargo, Serrano apunt\u00f3 que la inversi\u00f3n privada en el pa\u00eds se encuentra todav\u00eda 9% por debajo de los niveles de enero de 2019.<\/p>\n<p>Esto resulta del rezago en la construcci\u00f3n a pesar del mayor dinamismo en segmentos como maquinaria y equipo.<\/p>\n<p>Salazar coment\u00f3 que los cuellos de botella por la disrupci\u00f3n en las cadenas de valor se desvanecen en la manufactura mexicana.<\/p>\n<p>Con una capacidad utilizada de hasta 90% por las industrias.<\/p>\n<p>El BBVA tambi\u00e9n elev\u00f3 a 7.7% su previsi\u00f3n de la inflaci\u00f3n general para 2022 de un 5.7 % previo.<\/p>\n<p>Luego de una inflaci\u00f3n cercana al 8% en junio pasado, la tasa m\u00e1s alta desde 2001.<\/p>\n<p>En este escenario, la instituci\u00f3n anticip\u00f3 que el Banco de M\u00e9xico elevar\u00e1 a 9.5% la tasa de inter\u00e9s, tras concluir en 5.5 % en 2021.<\/p>\n<p>Tambi\u00e9n estim\u00f3 que el tipo de cambio cerrar\u00e1 el a\u00f1o en 20.60 pesos por d\u00f3lar.<\/p>\n<p>Al resaltar que tiene un mejor desempe\u00f1o comparado con otras monedas emergentes en el mercado global.<\/p>\n<p>&nbsp;<\/p>\n<h4>La inflaci\u00f3n, por las nubes<\/h4>\n<p>El pollo es uno de los alimentos que m\u00e1s ha subido de precio.<\/p>\n<p>El 7 de julio, el Instituto Nacional de Estad\u00edstica y Geograf\u00eda (Inegi) dio a conocer que los precios de mercanc\u00edas, alimentos y servicios se aceleraron.<\/p>\n<p>M\u00e1s de lo esperado durante junio de 2022, por lo que la inflaci\u00f3n general subi\u00f3 hasta 7.99%, su mayor nivel en los \u00faltimos 21 a\u00f1os.<\/p>\n<p>Inegi detall\u00f3 que el \u00cdndice Nacional de Precios al Consumidor registr\u00f3 una variaci\u00f3n de 0.84 % respecto al mes de mayo, cuando alcanz\u00f3 el 7.65%.<\/p>\n<p>En cambio, la inflaci\u00f3n subyacente, considerada un mejor par\u00e1metro para medir la trayectoria de los precios porque elimina productos de alta volatilidad.<\/p>\n<p>Con esto se registr\u00f3 una variaci\u00f3n del 7.49%, abajo de las expectativas del mercado de un 7.54%.<\/p>\n<p>Aun as\u00ed, fue la cifra m\u00e1s alta desde diciembre de 2000.<\/p>\n<p>Los alimentos y servicios que presentaron un mayor aumento en sus precios se encuentran la papa, pollo, la electricidad, las bebidas embotelladas y pan dulce.<\/p>\n","protected":false},"excerpt":{"rendered":"<p>Para 2023, el banco redujo su perspectiva de crecimiento a 1.6%. BBVA: Al tiempo que detall\u00f3 en el que la econom\u00eda mexicana enfrentar\u00e1 \u201cun entorno m\u00e1s adverso\u201d en la segunda mitad del pr\u00f3ximo a\u00f1o BBVA \u00a0elev\u00f3 el pron\u00f3stico de crecimiento de M\u00e9xico a 2% para 2022. En contraste, los redujo para el pr\u00f3ximo a\u00f1o. Con [&hellip;]<\/p>\n","protected":false},"author":1,"featured_media":7557,"comment_status":"open","ping_status":"closed","sticky":false,"template":"","format":"standard","meta":{"footnotes":""},"categories":[7,9],"tags":[],"class_list":["post-7555","post","type-post","status-publish","format-standard","has-post-thumbnail","hentry","category-nacional","category-politica"],"_links":{"self":[{"href":"https:\/\/podernacional.com\/index.php?rest_route=\/wp\/v2\/posts\/7555","targetHints":{"allow":["GET"]}}],"collection":[{"href":"https:\/\/podernacional.com\/index.php?rest_route=\/wp\/v2\/posts"}],"about":[{"href":"https:\/\/podernacional.com\/index.php?rest_route=\/wp\/v2\/types\/post"}],"author":[{"embeddable":true,"href":"https:\/\/podernacional.com\/index.php?rest_route=\/wp\/v2\/users\/1"}],"replies":[{"embeddable":true,"href":"https:\/\/podernacional.com\/index.php?rest_route=%2Fwp%2Fv2%2Fcomments&post=7555"}],"version-history":[{"count":1,"href":"https:\/\/podernacional.com\/index.php?rest_route=\/wp\/v2\/posts\/7555\/revisions"}],"predecessor-version":[{"id":7556,"href":"https:\/\/podernacional.com\/index.php?rest_route=\/wp\/v2\/posts\/7555\/revisions\/7556"}],"wp:featuredmedia":[{"embeddable":true,"href":"https:\/\/podernacional.com\/index.php?rest_route=\/wp\/v2\/media\/7557"}],"wp:attachment":[{"href":"https:\/\/podernacional.com\/index.php?rest_route=%2Fwp%2Fv2%2Fmedia&parent=7555"}],"wp:term":[{"taxonomy":"category","embeddable":true,"href":"https:\/\/podernacional.com\/index.php?rest_route=%2Fwp%2Fv2%2Fcategories&post=7555"},{"taxonomy":"post_tag","embeddable":true,"href":"https:\/\/podernacional.com\/index.php?rest_route=%2Fwp%2Fv2%2Ftags&post=7555"}],"curies":[{"name":"wp","href":"https:\/\/api.w.org\/{rel}","templated":true}]}}