{"id":7561,"date":"2022-07-15T21:25:03","date_gmt":"2022-07-16T02:25:03","guid":{"rendered":"https:\/\/podernacional.com\/?p=7561"},"modified":"2022-07-16T02:25:04","modified_gmt":"2022-07-16T02:25:04","slug":"avoris-se-reune-con-las-autoridades-de-quintana-roo","status":"publish","type":"post","link":"https:\/\/podernacional.com\/?p=7561","title":{"rendered":"\u00c1voris se re\u00fane con las autoridades de Quintana Roo"},"content":{"rendered":"<h4>Un encuentro entre \u00c1voris y autoridades de Quintana Roo ha tenido como objetivo poner en com\u00fan los planes de desarrollo para el destino.<\/h4>\n<p>\u00c1voris : As\u00ed como de analizar los planes de promoci\u00f3n y colaboraci\u00f3n conjunta.<\/p>\n<p>El gobernador de la mexicana Quintana Roo, Carlos Joaqu\u00edn Gonz\u00e1lez y su sucesora electa, Mara Lezama.<\/p>\n<p>Han mantenido un encuentro en Mallorca con el presidente ejecutivo de \u00c1voris Corporaci\u00f3n Empresarial.<\/p>\n<p>Vicente Fenollar y con su CEO, Miguel \u00c1ngel S\u00e1nchez y sus respectivos equipos para afianzar los lazos que unen a este destino del Caribe Mexicano.<\/p>\n<p>Ademas, con el principal grupo de viajes espa\u00f1ol.<\/p>\n<p>Carlos Joaqu\u00edn Gonz\u00e1lez y Mara Lezama vinieron acompa\u00f1ados por el director del Consejo de Promoci\u00f3n Tur\u00edstica de Quintana Roo (CPTQ).<\/p>\n<p>Dar\u00edo Flota Ocampo, y por el secretario estatal de turismo, Bernardo Cueto Riestra.<\/p>\n<p>El encuentro, que tuvo lugar, sirvi\u00f3 para analizar el presente y el futuro de la regi\u00f3n como receptora de turismo desde Espa\u00f1a.<\/p>\n<p>Donde \u00c1voris desempe\u00f1a un papel l\u00edder en la promoci\u00f3n de los principales destinos tur\u00edsticos de esta regi\u00f3n, como son:<\/p>\n<p>Canc\u00fan, Riviera Maya, Playa del Carmen, Cozumel o Isla Mujeres.<\/p>\n<p>\u00c1voris Corporaci\u00f3n Empresarial mantiene una profunda vinculaci\u00f3n con los destinos tur\u00edsticos de Quintana Roo.<\/p>\n<p>Promocionando estos en Espa\u00f1a desde hace m\u00e1s de una d\u00e9cada y potenciando la regi\u00f3n.<\/p>\n<p>Hasta convertirla en una de las favoritas de los viajeros espa\u00f1oles para disfrutar de sus vacaciones.<\/p>\n<p>&nbsp;<\/p>\n<h4>Quintana Roo es de suma importancia para \u00c1voris y esto lo demuestra la importante programaci\u00f3n de vuelos a Canc\u00fan de Iberojet.<\/h4>\n<p>La compa\u00f1\u00eda a\u00e9rea del grupo; el aumento de frecuencias durante la \u00e9poca estival, ofreciendo seis enlaces desde:<\/p>\n<p>Madrid, dos desde Barcelona y dos desde Lisboa durante este verano; as\u00ed como la extens\u00edsima oferta de paquetes vacacionales al Caribe mexicano.<\/p>\n<p>Los cuales ofrecen sus principales turoperadores como Travelplan, Quel\u00f3nea o Jolidey.<\/p>\n<p>Aprovechando este encuentro, Vicente Fenollar, presidente ejecutivo de \u00c1voris, ha destacado que:<\/p>\n<p>Recibir a las principales autoridades de Quintana Roo en nuestra casa, en Mallorca, es una oportunidad inigualable de aunar lazos.<\/p>\n<p>As\u00ed como de afianzar una relaci\u00f3n que lleva cultiv\u00e1ndose m\u00e1s de una d\u00e9cada.<\/p>\n<p>Para \u00c1voris Corporaci\u00f3n Empresarial, el Caribe mexicano tiene una importancia capital en nuestra estrategia de venta vacacional.<\/p>\n<p>As\u00ed lo demuestra la firme apuesta que, a\u00f1o tras a\u00f1o, llevan a cabo nuestra aerol\u00ednea.<\/p>\n<p>L\u00edder en conexiones entre Espa\u00f1a, Portugal y Canc\u00fan, nuestros turoperadores y nuestras agencias de viajes.<\/p>\n<p>Estoy seguro de que tenemos por delante un futuro prometedor y beneficioso para ambas partes, como as\u00ed ha sido hasta ahora\u2019.<\/p>\n","protected":false},"excerpt":{"rendered":"<p>Un encuentro entre \u00c1voris y autoridades de Quintana Roo ha tenido como objetivo poner en com\u00fan los planes de desarrollo para el destino. \u00c1voris : As\u00ed como de analizar los planes de promoci\u00f3n y colaboraci\u00f3n conjunta. El gobernador de la mexicana Quintana Roo, Carlos Joaqu\u00edn Gonz\u00e1lez y su sucesora electa, Mara Lezama. Han mantenido un [&hellip;]<\/p>\n","protected":false},"author":1,"featured_media":7563,"comment_status":"open","ping_status":"closed","sticky":false,"template":"","format":"standard","meta":{"footnotes":""},"categories":[2,10],"tags":[],"class_list":["post-7561","post","type-post","status-publish","format-standard","has-post-thumbnail","hentry","category-cultural","category-quintana-roo"],"_links":{"self":[{"href":"https:\/\/podernacional.com\/index.php?rest_route=\/wp\/v2\/posts\/7561","targetHints":{"allow":["GET"]}}],"collection":[{"href":"https:\/\/podernacional.com\/index.php?rest_route=\/wp\/v2\/posts"}],"about":[{"href":"https:\/\/podernacional.com\/index.php?rest_route=\/wp\/v2\/types\/post"}],"author":[{"embeddable":true,"href":"https:\/\/podernacional.com\/index.php?rest_route=\/wp\/v2\/users\/1"}],"replies":[{"embeddable":true,"href":"https:\/\/podernacional.com\/index.php?rest_route=%2Fwp%2Fv2%2Fcomments&post=7561"}],"version-history":[{"count":1,"href":"https:\/\/podernacional.com\/index.php?rest_route=\/wp\/v2\/posts\/7561\/revisions"}],"predecessor-version":[{"id":7562,"href":"https:\/\/podernacional.com\/index.php?rest_route=\/wp\/v2\/posts\/7561\/revisions\/7562"}],"wp:featuredmedia":[{"embeddable":true,"href":"https:\/\/podernacional.com\/index.php?rest_route=\/wp\/v2\/media\/7563"}],"wp:attachment":[{"href":"https:\/\/podernacional.com\/index.php?rest_route=%2Fwp%2Fv2%2Fmedia&parent=7561"}],"wp:term":[{"taxonomy":"category","embeddable":true,"href":"https:\/\/podernacional.com\/index.php?rest_route=%2Fwp%2Fv2%2Fcategories&post=7561"},{"taxonomy":"post_tag","embeddable":true,"href":"https:\/\/podernacional.com\/index.php?rest_route=%2Fwp%2Fv2%2Ftags&post=7561"}],"curies":[{"name":"wp","href":"https:\/\/api.w.org\/{rel}","templated":true}]}}