{"id":7567,"date":"2022-07-15T21:35:20","date_gmt":"2022-07-16T02:35:20","guid":{"rendered":"https:\/\/podernacional.com\/?p=7567"},"modified":"2022-07-16T02:35:21","modified_gmt":"2022-07-16T02:35:21","slug":"agresividad-y-depresion-asi-influyen-las-olas-de-calor-en-la-salud-mental","status":"publish","type":"post","link":"https:\/\/podernacional.com\/?p=7567","title":{"rendered":"Agresividad y depresi\u00f3n: As\u00ed influyen las olas de calor en la salud mental"},"content":{"rendered":"<h4>Estos son los efectos de las olas de calor en la salud mental y las preocupaciones de expertos con relaci\u00f3n al calentamiento global.<\/h4>\n<p>Agresividad y depresi\u00f3n: Las olas de calor influyen directamente en las salas de hospitales y tambi\u00e9n en la criminalidad de acuerdo con expertos.<\/p>\n<p>Las olas de calor tienen un gran impacto en nuestra salud f\u00edsica y mental.<\/p>\n<p>Los m\u00e9dicos suelen temerlos, ya que las salas de emergencia se llenan r\u00e1pidamente de pacientes que sufren deshidrataci\u00f3n, delirio y desmayos.<\/p>\n<p>Estudios recientes sugieren un aumento de al menos un 10 por ciento en las visitas a la sala de emergencias de los hospitales.<\/p>\n<p>En los d\u00edas en que las temperaturas alcanzan o superan el 5 por ciento superior del rango de temperatura normal para un lugar determinado.<\/p>\n<p>Las altas temperaturas tambi\u00e9n pueden empeorar los s\u00edntomas en las personas con problemas de salud mental.<\/p>\n<p>Las olas de calor, as\u00ed como otros fen\u00f3menos meteorol\u00f3gicos como inundaciones e incendios.<\/p>\n<p>Se relacionan con un aumento de los s\u00edntomas depresivos en las personas con depresi\u00f3n y un aumento de los s\u00edntomas de ansiedad en las personas.<\/p>\n<p>Dichas personas con trastorno de ansiedad generalizada, un trastorno en el que las personas se sienten ansiosas la mayor parte del tiempo.<\/p>\n<p>Tambi\u00e9n existe un v\u00ednculo entre la temperatura alta diaria y el suicidio y los intentos de suicidio.<\/p>\n<p>Y, en t\u00e9rminos generales, por cada aumento de 1 grado cent\u00edgrado en la temperatura promedio mensual.<\/p>\n<p>Las muertes relacionadas con la salud mental aumentan en un 2.2 por ciento.<\/p>\n<p>Los picos en la humedad relativa tambi\u00e9n resultan en una mayor ocurrencia de suicidios.<\/p>\n<p>&nbsp;<\/p>\n<h4>La humedad y la temperatura.<\/h4>\n<p>Que est\u00e1n cambiando como resultado del cambio clim\u00e1tico inducido por el hombre.<\/p>\n<p>Se han relacionado causalmente con un aumento de los episodios man\u00edacos en personas con trastorno bipolar.<\/p>\n<p>Este estado de la enfermedad causa un da\u00f1o significativo y puede dar lugar a la hospitalizaci\u00f3n por psicosis y pensamientos suicidas.<\/p>\n<p>Otros problemas se plantean por el hecho de que la eficacia de importantes f\u00e1rmacos.<\/p>\n<p>Son utilizados para tratar enfermedades psiqui\u00e1tricas puede reducirse por los efectos del calor.<\/p>\n<p>Sabemos que muchos medicamentos aumentan el riesgo de muerte relacionada con el calor.<\/p>\n<p>Por ejemplo, los antipsic\u00f3ticos, que pueden suprimir la sed y provocar que las personas se deshidraten, as\u00ed como la agresividad y depresi\u00f3n son marcados.<\/p>\n<p>Algunos medicamentos funcionar\u00e1n de manera diferente seg\u00fan la temperatura corporal y el nivel de deshidrataci\u00f3n de la persona.<\/p>\n<p>Como el litio, un estabilizador del estado de \u00e1nimo muy potente y ampliamente utilizado, que se prescribe con frecuencia a las personas con trastorno bipolar.<\/p>\n","protected":false},"excerpt":{"rendered":"<p>Estos son los efectos de las olas de calor en la salud mental y las preocupaciones de expertos con relaci\u00f3n al calentamiento global. Agresividad y depresi\u00f3n: Las olas de calor influyen directamente en las salas de hospitales y tambi\u00e9n en la criminalidad de acuerdo con expertos. Las olas de calor tienen un gran impacto en [&hellip;]<\/p>\n","protected":false},"author":1,"featured_media":7569,"comment_status":"open","ping_status":"closed","sticky":false,"template":"","format":"standard","meta":{"footnotes":""},"categories":[5,7,11],"tags":[],"class_list":["post-7567","post","type-post","status-publish","format-standard","has-post-thumbnail","hentry","category-internacional","category-nacional","category-salud"],"_links":{"self":[{"href":"https:\/\/podernacional.com\/index.php?rest_route=\/wp\/v2\/posts\/7567","targetHints":{"allow":["GET"]}}],"collection":[{"href":"https:\/\/podernacional.com\/index.php?rest_route=\/wp\/v2\/posts"}],"about":[{"href":"https:\/\/podernacional.com\/index.php?rest_route=\/wp\/v2\/types\/post"}],"author":[{"embeddable":true,"href":"https:\/\/podernacional.com\/index.php?rest_route=\/wp\/v2\/users\/1"}],"replies":[{"embeddable":true,"href":"https:\/\/podernacional.com\/index.php?rest_route=%2Fwp%2Fv2%2Fcomments&post=7567"}],"version-history":[{"count":1,"href":"https:\/\/podernacional.com\/index.php?rest_route=\/wp\/v2\/posts\/7567\/revisions"}],"predecessor-version":[{"id":7568,"href":"https:\/\/podernacional.com\/index.php?rest_route=\/wp\/v2\/posts\/7567\/revisions\/7568"}],"wp:featuredmedia":[{"embeddable":true,"href":"https:\/\/podernacional.com\/index.php?rest_route=\/wp\/v2\/media\/7569"}],"wp:attachment":[{"href":"https:\/\/podernacional.com\/index.php?rest_route=%2Fwp%2Fv2%2Fmedia&parent=7567"}],"wp:term":[{"taxonomy":"category","embeddable":true,"href":"https:\/\/podernacional.com\/index.php?rest_route=%2Fwp%2Fv2%2Fcategories&post=7567"},{"taxonomy":"post_tag","embeddable":true,"href":"https:\/\/podernacional.com\/index.php?rest_route=%2Fwp%2Fv2%2Ftags&post=7567"}],"curies":[{"name":"wp","href":"https:\/\/api.w.org\/{rel}","templated":true}]}}