{"id":7573,"date":"2022-07-16T16:48:26","date_gmt":"2022-07-16T21:48:26","guid":{"rendered":"https:\/\/podernacional.com\/?p=7573"},"modified":"2022-07-16T21:48:27","modified_gmt":"2022-07-16T21:48:27","slug":"guatemala-levanta-la-mano-para-ser-sede-de-premundial-juvenil-de-futbol","status":"publish","type":"post","link":"https:\/\/podernacional.com\/?p=7573","title":{"rendered":"Guatemala levanta la mano para ser sede de premundial juvenil de f\u00fatbol"},"content":{"rendered":"<h4>La Federaci\u00f3n Nacional de F\u00fatbol de Guatemala le ha solicitado a la Concacaf ser sede del pr\u00f3ximo Campeonato Sub-17 de la regi\u00f3n.<\/h4>\n<p>Guatemala : El cual repartir\u00e1 cuatro boletos al Mundial de la categor\u00eda Per\u00fa 2023.<\/p>\n<p>El Comit\u00e9 Ejecutivo de la Fedefut, encabezado por Gerardo Paiz.<\/p>\n<p>Ya envi\u00f3 la papeler\u00eda correspondiente y ahora solo espera respuesta del ente rector del balompi\u00e9 regional.<\/p>\n<p>El evento, pactado para finales de enero y principios de febrero del pr\u00f3ximo a\u00f1o, tendr\u00eda dos sedes.<\/p>\n<p>Ademas de que\u00a0se jugar\u00eda en formato similar al Campeonato Sub-20 de la Concacaf.<\/p>\n<p>Que reci\u00e9n se disput\u00f3 en Honduras, y en el que Guatemala clasific\u00f3 a su segundo Mundial. Habr\u00e1 cuatro boletos para el Mundial.<\/p>\n<p>La Fedefut ha propuesto el Estadio Nacional Doroteo Guamuch Flores, en la Ciudad de Guatemala, y el Estadio Pensativo, en Antigua Guatemala, Sacatep\u00e9quez.<\/p>\n<p>\u201cEstamos esperando la respuesta de Concacaf. Nosotros ya mandamos la solicitud y todos los papeles\u201d<\/p>\n<p>\u201cDe momento no hemos recibido respuesta, ni positiva, ni negativa, o si nos hace falta algo\u201d.<\/p>\n<p>\u201cLo que nos han comentado es que tienen que venir a evaluar los estadios y las localidades, respecto a hoteler\u00eda\u201d, comento Gerardo Paiz.<\/p>\n<p>En cuanto a la instalaci\u00f3n deportiva, al tema de hoteler\u00eda y viabilidad.<\/p>\n<p>Menciona el dirigente considera que tanto el Estadio Pensativo y el Estadio Nacional no tendr\u00e1n problema para ser sede.<\/p>\n<p>\u201cAdem\u00e1s, en cada ciudad debemos presentar cuatro estadios para entrenamiento de las selecciones participantes. Ambas cumplen con eso\u201d.<\/p>\n<p>La Fedefut espera obtener una respuesta favorable para empezar a trabajar en la log\u00edstica del torneo.<\/p>\n<p>Mientras, la Selecci\u00f3n Sub-17 de Guatemala, dirigida por el mexicano Marvin Cabrera sigue con su preparaci\u00f3n de cara al torneo.<\/p>\n<p>La \u00faltima vez que Guatemala fue sede de un torneo premundialista.<\/p>\n<p>Lo cual sucedi\u00f3 en el 2011 camino a la Copa del Mundo Sub-20 de la FIFA Colombia 2011.<\/p>\n<p>En esa ocasi\u00f3n la bicolor juvenil consigui\u00f3 el boleto.<\/p>\n","protected":false},"excerpt":{"rendered":"<p>La Federaci\u00f3n Nacional de F\u00fatbol de Guatemala le ha solicitado a la Concacaf ser sede del pr\u00f3ximo Campeonato Sub-17 de la regi\u00f3n. Guatemala : El cual repartir\u00e1 cuatro boletos al Mundial de la categor\u00eda Per\u00fa 2023. El Comit\u00e9 Ejecutivo de la Fedefut, encabezado por Gerardo Paiz. Ya envi\u00f3 la papeler\u00eda correspondiente y ahora solo espera [&hellip;]<\/p>\n","protected":false},"author":1,"featured_media":7575,"comment_status":"open","ping_status":"closed","sticky":false,"template":"","format":"standard","meta":{"footnotes":""},"categories":[3,5],"tags":[],"class_list":["post-7573","post","type-post","status-publish","format-standard","has-post-thumbnail","hentry","category-deportes","category-internacional"],"_links":{"self":[{"href":"https:\/\/podernacional.com\/index.php?rest_route=\/wp\/v2\/posts\/7573","targetHints":{"allow":["GET"]}}],"collection":[{"href":"https:\/\/podernacional.com\/index.php?rest_route=\/wp\/v2\/posts"}],"about":[{"href":"https:\/\/podernacional.com\/index.php?rest_route=\/wp\/v2\/types\/post"}],"author":[{"embeddable":true,"href":"https:\/\/podernacional.com\/index.php?rest_route=\/wp\/v2\/users\/1"}],"replies":[{"embeddable":true,"href":"https:\/\/podernacional.com\/index.php?rest_route=%2Fwp%2Fv2%2Fcomments&post=7573"}],"version-history":[{"count":1,"href":"https:\/\/podernacional.com\/index.php?rest_route=\/wp\/v2\/posts\/7573\/revisions"}],"predecessor-version":[{"id":7574,"href":"https:\/\/podernacional.com\/index.php?rest_route=\/wp\/v2\/posts\/7573\/revisions\/7574"}],"wp:featuredmedia":[{"embeddable":true,"href":"https:\/\/podernacional.com\/index.php?rest_route=\/wp\/v2\/media\/7575"}],"wp:attachment":[{"href":"https:\/\/podernacional.com\/index.php?rest_route=%2Fwp%2Fv2%2Fmedia&parent=7573"}],"wp:term":[{"taxonomy":"category","embeddable":true,"href":"https:\/\/podernacional.com\/index.php?rest_route=%2Fwp%2Fv2%2Fcategories&post=7573"},{"taxonomy":"post_tag","embeddable":true,"href":"https:\/\/podernacional.com\/index.php?rest_route=%2Fwp%2Fv2%2Ftags&post=7573"}],"curies":[{"name":"wp","href":"https:\/\/api.w.org\/{rel}","templated":true}]}}