{"id":7576,"date":"2022-07-16T17:59:52","date_gmt":"2022-07-16T22:59:52","guid":{"rendered":"https:\/\/podernacional.com\/?p=7576"},"modified":"2022-07-16T22:59:54","modified_gmt":"2022-07-16T22:59:54","slug":"suspenden-futbol-salvadoreno-tras-investigacion-por-lavado-de-dinero-a-la-fesfut","status":"publish","type":"post","link":"https:\/\/podernacional.com\/?p=7576","title":{"rendered":"Suspenden futbol salvadore\u00f1o tras investigaci\u00f3n por lavado de dinero a la Fesfut"},"content":{"rendered":"<h4>La segunda jornada del torneo Apertura del futbol salvadore\u00f1o fue suspendida este s\u00e1bado por la falta de nombramiento de \u00e1rbitros.<\/h4>\n<p>Futbol salvadore\u00f1o: ademas, que se produce en el marco del cese de labores de la Federaci\u00f3n Salvadore\u00f1a de Futbol (Fesfut), investigada por lavado de dinero.<\/p>\n<p>La Asociaci\u00f3n de Clubes de la Primera Divisi\u00f3n de Futbol, que en un esfuerzo por salvar la jornada 2.<\/p>\n<p>Hab\u00eda solicitado el viernes a la Fesfut que \u00aboficializara\u00bb el nombramiento de \u00e1rbitros, asegur\u00f3 este s\u00e1bado en un comunicado que \u00abno hemos tenido respuesta favorable\u00bb.<\/p>\n<p>\u00abComo Primera Divisi\u00f3n responsabilizamos, en forma personal\u201d.<\/p>\n<p>A\u00a0los miembros del comit\u00e9 ejecutivo (de la Fesfut) por la no asignaci\u00f3n de \u00e1rbitros.<\/p>\n<p>Lo que provoca que la jornada 2 no se pueda jugar como estaba prevista\u00bb, subray\u00f3 la Asociaci\u00f3n de Clubes.<\/p>\n<p>El viernes la Fesfut hab\u00eda adelantado en un comunicado en Twitter que:<\/p>\n<p>\u00abLos nombramientos arbitrales\u00bb para las ligas profesionales Primera, Segunda y Tercera Divisi\u00f3n y Torneos de selecciones departamentales (ADFAS).<\/p>\n<p>Ya que hab\u00edan sido suspendidos para los encuentros de este fin de semana.<\/p>\n<p>&nbsp;<\/p>\n<h4>&#8211; Llamamiento a jugar &#8211;<\/h4>\n<p>\u00ab\u00a1Invito a los equipos a jugar! No hay raz\u00f3n alguna para detener el futbol y que la afici\u00f3n deje de disfrutar con este deporte\u00bb.<\/p>\n<p>Expres\u00f3 este s\u00e1bado el presidente del estatal Instituto Nacional de los Deportes (Indes), Yamil Bukele, hermano del presidente del pa\u00eds Nayib Bukele.<\/p>\n<p>Tras el llamado de Bukele, la Asociaci\u00f3n de la Primera Divisi\u00f3n mediante un comunicado convoc\u00f3 a los \u00e1rbitros a los partidos de la jornada 2.<\/p>\n<p>Para que \u00abse presenten\u00bb a los estadios, pues no tienen ning\u00fan proceso penal abierto.<\/p>\n<p>De igual forma convoc\u00f3 a los 12 equipos de la primera divisi\u00f3n para que:<\/p>\n<p>\u00abSe hagan presentes a los distintos estadios tal cual la jornada hab\u00eda sido programada\u00bb.<\/p>\n<p>El diario especializado en deportes El Gr\u00e1fico asegur\u00f3 que los \u00e1rbitros no se van a presentar debido a que:<\/p>\n<p>\u00abAnte la FIFA la autoridad es la Fesfut, no el Indes\u00bb.<\/p>\n<p>\u00abA nivel deportivo los \u00e1rbitros se rigen bajo los estatutos FIFA y para la FIFA la autoridad es la Fesfut\u00bb.<\/p>\n<p>Declar\u00f3 al El Gr\u00e1fico un portavoz de los \u00e1rbitros que no fue identificado.<\/p>\n<p>&nbsp;<\/p>\n<h4>La jornada tambi\u00e9n se interrumpe en el marco de una pol\u00e9mica en virtud que la Fesfut no ha adecuado sus estatutos.<\/h4>\n<p>Los cuales son para someterse a la Ley General de los Deportes defendida por el Indes.<\/p>\n<p>La Fesfut public\u00f3 en sus redes sociales una carta que envi\u00f3 el mi\u00e9rcoles la FIFA en la que se refiere a la pol\u00e9mica.<\/p>\n<p>\u00abQuisi\u00e9ramos reiterar que uno de los objetivos principales de la FIFA es que todas las asociaciones miembros, as\u00ed como sus miembros, sus oficiales\u201d.<\/p>\n<p>Ademas de\u00a0sus diferentes \u00f3rganos, deben garantizar que sus estatutos cumplan plenamente con las disposiciones.<\/p>\n<p>\u201cAs\u00ed como de sus\u00a0requisitos obligatorios contenidos en los estatutos, reglamentos, directivas y decisiones de la FIFA\u00bb, consign\u00f3 la nota.<\/p>\n<p>El viernes el Tribunal de Disciplina, \u00c9tica y Apelaciones del Deporte, un \u00f3rgano colegiado local adscrito al Indes.<\/p>\n<p>Ces\u00f3 temporalmente las funciones del presidente de la Fesfut, Hugo Carrillo, y de su comit\u00e9 ejecutivo por no adecuar sus estatutos a la ley local.<\/p>\n<p>El per\u00edodo de gesti\u00f3n del actual directorio de la Fesfut est\u00e1 por vencer.<\/p>\n<p>Pero un congreso que estaba previsto para este s\u00e1bado deber\u00e1 ser reprogramado para elegir a las nuevas autoridades.<\/p>\n<p>Las cuales mencionan\u00a0que deber\u00e1n asumir el 1 de agosto para un per\u00edodo de tres a\u00f1os.<\/p>\n<p>La cr\u00f3nica deportiva local advierte que la situaci\u00f3n irregular que se vive en la administraci\u00f3n del futbol.<\/p>\n<p>Podr\u00eda dar lugar a que El Salvador sea sancionado por la FIFA. con esto suspendiendo el Futbol salvadore\u00f1o<\/p>\n","protected":false},"excerpt":{"rendered":"<p>La segunda jornada del torneo Apertura del futbol salvadore\u00f1o fue suspendida este s\u00e1bado por la falta de nombramiento de \u00e1rbitros. Futbol salvadore\u00f1o: ademas, que se produce en el marco del cese de labores de la Federaci\u00f3n Salvadore\u00f1a de Futbol (Fesfut), investigada por lavado de dinero. La Asociaci\u00f3n de Clubes de la Primera Divisi\u00f3n de Futbol, [&hellip;]<\/p>\n","protected":false},"author":1,"featured_media":7578,"comment_status":"open","ping_status":"closed","sticky":false,"template":"","format":"standard","meta":{"footnotes":""},"categories":[3,4,5],"tags":[],"class_list":["post-7576","post","type-post","status-publish","format-standard","has-post-thumbnail","hentry","category-deportes","category-espectaculos","category-internacional"],"_links":{"self":[{"href":"https:\/\/podernacional.com\/index.php?rest_route=\/wp\/v2\/posts\/7576","targetHints":{"allow":["GET"]}}],"collection":[{"href":"https:\/\/podernacional.com\/index.php?rest_route=\/wp\/v2\/posts"}],"about":[{"href":"https:\/\/podernacional.com\/index.php?rest_route=\/wp\/v2\/types\/post"}],"author":[{"embeddable":true,"href":"https:\/\/podernacional.com\/index.php?rest_route=\/wp\/v2\/users\/1"}],"replies":[{"embeddable":true,"href":"https:\/\/podernacional.com\/index.php?rest_route=%2Fwp%2Fv2%2Fcomments&post=7576"}],"version-history":[{"count":1,"href":"https:\/\/podernacional.com\/index.php?rest_route=\/wp\/v2\/posts\/7576\/revisions"}],"predecessor-version":[{"id":7577,"href":"https:\/\/podernacional.com\/index.php?rest_route=\/wp\/v2\/posts\/7576\/revisions\/7577"}],"wp:featuredmedia":[{"embeddable":true,"href":"https:\/\/podernacional.com\/index.php?rest_route=\/wp\/v2\/media\/7578"}],"wp:attachment":[{"href":"https:\/\/podernacional.com\/index.php?rest_route=%2Fwp%2Fv2%2Fmedia&parent=7576"}],"wp:term":[{"taxonomy":"category","embeddable":true,"href":"https:\/\/podernacional.com\/index.php?rest_route=%2Fwp%2Fv2%2Fcategories&post=7576"},{"taxonomy":"post_tag","embeddable":true,"href":"https:\/\/podernacional.com\/index.php?rest_route=%2Fwp%2Fv2%2Ftags&post=7576"}],"curies":[{"name":"wp","href":"https:\/\/api.w.org\/{rel}","templated":true}]}}