{"id":7579,"date":"2022-07-16T18:04:24","date_gmt":"2022-07-16T23:04:24","guid":{"rendered":"https:\/\/podernacional.com\/?p=7579"},"modified":"2022-07-16T23:04:25","modified_gmt":"2022-07-16T23:04:25","slug":"dia-internacional-del-tatuaje-en-que-zonas-duele-mas-tatuarse","status":"publish","type":"post","link":"https:\/\/podernacional.com\/?p=7579","title":{"rendered":"D\u00eda Internacional del Tatuaje: \u00bfEn qu\u00e9 zonas duele m\u00e1s tatuarse?"},"content":{"rendered":"<h4>Si te interesa tatuarte, por el D\u00eda Internacional del Tatuaje, aqu\u00ed te compartimos cu\u00e1les son las zonas del cuerpo en las que duele m\u00e1s&#8230;<\/h4>\n<p>D\u00eda Internacional del Tatuaje: El 17 de julio se celebra en todo el mundo.<\/p>\n<p>Una cultura que se ha expandido en casi todos los pa\u00edses.<\/p>\n<p>La cual ademas,\u00a0permite que cada persona plasme en su piel parte de su historia y esencia.<\/p>\n<p>Los tatuajes han existido desde el a\u00f1o 2,000 a.C aproximadamente y han sido utilizados por la cultura china, japonesa, india y polinesia.<\/p>\n<p>Hoy en d\u00eda son millones de personas las que se han tatuado y usan este medio como una forma de expresi\u00f3n art\u00edstica y personal.<\/p>\n<p>Sin embargo, muchos que desean tatuarse tienen miedo del dolor que este puede causarles.<\/p>\n<p>Pues el proceso para obtenerlos involucra que una aguja con tinta sea introducida en la piel repetidas ocasiones.<\/p>\n<p>Con esto en mente, por el D\u00eda Internacional del Tatuaje te compartimos los lugares donde duele m\u00e1s tatuarse, en caso de que quieras evitarlos:<\/p>\n<h4>\u00bfQu\u00e9 zonas duele m\u00e1s tatuarse?<\/h4>\n<p>Si bien el umbral del dolor de cada persona es diferente y el tama\u00f1o del tatuaje a realizarse influyen mucho en cu\u00e1n doloroso es este.<\/p>\n<p>Los expertos han encontrado que hay algunos factores principales que delimitan las zonas en las que m\u00e1s duele tatuarse.<\/p>\n<p>Lo m\u00e1s importante es que las zonas donde la piel est\u00e1 en contacto m\u00e1s cercano con el hueso tienden a generar m\u00e1s incomodidad.<\/p>\n<p>Un ejemplo de esto son:<\/p>\n<p>Las costillas<\/p>\n<p>El codo<\/p>\n<p>La rodilla<\/p>\n<p>Los dedos (de los pies y las manos)<\/p>\n<p>A parte de estas zonas hay lugares en los que no es recomendable tatuarse debido al riesgo que esto presenta.<\/p>\n<p>Tal como es en el globo ocular.<\/p>\n<p>Pues hay posibilidades de contraer una infecci\u00f3n lo cual puede llevar incluso a la p\u00e9rdida de la visi\u00f3n.<\/p>\n<h4>\u00bfEn qu\u00e9 \u00e1reas duele menos?<\/h4>\n<p>Si por el D\u00eda Internacional del Tatuaje est\u00e1s decidido a por fin acudir al sal\u00f3n para tatuarte.<\/p>\n<p>Estas son algunas zonas con las que puedes empezar si es tu primera vez y quieres evitarte una experiencia dolorosa:<\/p>\n<p>Los muslos<\/p>\n<p>Los gemelos<\/p>\n<p>Estas zonas son menos sensibles al dolor pues hay m\u00e1s grasa que separa la piel del hueso.<\/p>\n<p>A\u00fan as\u00ed, cualquier lugar es bueno siempre y cuando est\u00e9s dispuesto a soportar un poco la incomodidad.<\/p>\n","protected":false},"excerpt":{"rendered":"<p>Si te interesa tatuarte, por el D\u00eda Internacional del Tatuaje, aqu\u00ed te compartimos cu\u00e1les son las zonas del cuerpo en las que duele m\u00e1s&#8230; D\u00eda Internacional del Tatuaje: El 17 de julio se celebra en todo el mundo. Una cultura que se ha expandido en casi todos los pa\u00edses. La cual ademas,\u00a0permite que cada persona [&hellip;]<\/p>\n","protected":false},"author":1,"featured_media":7581,"comment_status":"open","ping_status":"closed","sticky":false,"template":"","format":"standard","meta":{"footnotes":""},"categories":[2,5],"tags":[],"class_list":["post-7579","post","type-post","status-publish","format-standard","has-post-thumbnail","hentry","category-cultural","category-internacional"],"_links":{"self":[{"href":"https:\/\/podernacional.com\/index.php?rest_route=\/wp\/v2\/posts\/7579","targetHints":{"allow":["GET"]}}],"collection":[{"href":"https:\/\/podernacional.com\/index.php?rest_route=\/wp\/v2\/posts"}],"about":[{"href":"https:\/\/podernacional.com\/index.php?rest_route=\/wp\/v2\/types\/post"}],"author":[{"embeddable":true,"href":"https:\/\/podernacional.com\/index.php?rest_route=\/wp\/v2\/users\/1"}],"replies":[{"embeddable":true,"href":"https:\/\/podernacional.com\/index.php?rest_route=%2Fwp%2Fv2%2Fcomments&post=7579"}],"version-history":[{"count":1,"href":"https:\/\/podernacional.com\/index.php?rest_route=\/wp\/v2\/posts\/7579\/revisions"}],"predecessor-version":[{"id":7580,"href":"https:\/\/podernacional.com\/index.php?rest_route=\/wp\/v2\/posts\/7579\/revisions\/7580"}],"wp:featuredmedia":[{"embeddable":true,"href":"https:\/\/podernacional.com\/index.php?rest_route=\/wp\/v2\/media\/7581"}],"wp:attachment":[{"href":"https:\/\/podernacional.com\/index.php?rest_route=%2Fwp%2Fv2%2Fmedia&parent=7579"}],"wp:term":[{"taxonomy":"category","embeddable":true,"href":"https:\/\/podernacional.com\/index.php?rest_route=%2Fwp%2Fv2%2Fcategories&post=7579"},{"taxonomy":"post_tag","embeddable":true,"href":"https:\/\/podernacional.com\/index.php?rest_route=%2Fwp%2Fv2%2Ftags&post=7579"}],"curies":[{"name":"wp","href":"https:\/\/api.w.org\/{rel}","templated":true}]}}