{"id":7582,"date":"2022-07-16T18:28:32","date_gmt":"2022-07-16T23:28:32","guid":{"rendered":"https:\/\/podernacional.com\/?p=7582"},"modified":"2022-07-16T23:28:34","modified_gmt":"2022-07-16T23:28:34","slug":"cancun-300-soldados-del-ejercito-desembarcan-al-arrancar-el-verano","status":"publish","type":"post","link":"https:\/\/podernacional.com\/?p=7582","title":{"rendered":"Canc\u00fan: 300 soldados del ej\u00e9rcito desembarcan al arrancar el verano"},"content":{"rendered":"<h4>Un contingente del ej\u00e9rcito mexicano con m\u00e1s de 300 agentes arrib\u00f3 este jueves a Canc\u00fan para reforzar la seguridad en la regi\u00f3n.<\/h4>\n<p>Soldados del ej\u00e9rcito: Luego de la ante llegada de las vacaciones de verano y la creciente violencia en la zona.<\/p>\n<p>Los agentes reforzar\u00e1n la vigilancia en los municipios de la zona norte, donde se encuentran destinos tur\u00edsticos como:<\/p>\n<p>Canc\u00fan, Riviera Maya y Tulum; adem\u00e1s, realizar\u00e1n labores de inteligencia que permitan inhibir las actividades de grupos delictivos.<\/p>\n<p>Durante un breve encuentro con los medios, previo al primer recorrido por las zonas con mayor incidencia delictiva en Canc\u00fan.<\/p>\n<p>El comandante de la 34\u00b0 zona militar, general brigadier Roberto P\u00e9rez Ceja, indic\u00f3 que uno de los primeros objetivos consiste en:<\/p>\n<p>Reducir el n\u00famero de homicidios relacionados con actividades del crimen organizado.<\/p>\n<p>Al igual que el de:<\/p>\n<p>\u00abLimitar el accionar de la delincuencia organizada en el municipio de Benito Ju\u00e1rez (Canc\u00fan), que incide principalmente en el delito de homicidio\u00bb, dijo.<\/p>\n<p>As\u00ed mismo como el de:<\/p>\n<p>\u00abEstaremos actuando principalmente en Villas Otoch Para\u00edso, Rancho Viejo y algunos efectivos militares ir\u00e1n a la zona hotelera\u00bb, agreg\u00f3 el comandante P\u00e9rez Ceja.<\/p>\n<p>Los 300 soldados que llegaron a Canc\u00fan se suman a unos cuatro mil efectivos militares que ya est\u00e1n en diferentes puntos de Quintana Roo.<\/p>\n<p>La basta mayor\u00eda\u00a0pertenecientes al ej\u00e9rcito mexicano, la Secretar\u00eda de Marina y la Guardia Nacional.<\/p>\n<p>En los \u00faltimos meses se ha reforzado la presencia militar en la zona norte de Quintana Roo.<\/p>\n<p>Todo esto\u00a0debido al incremento de asesinatos y actos violentos de bandas delictivas.<\/p>\n<p>La inseguridad y el crimen reflejan la ola de violencia que afronta el Caribe mexicano.<\/p>\n<p>La cual ademas es la principal zona tur\u00edstica de M\u00e9xico, en medio de enfrentamientos entre bandas criminales que tambi\u00e9n han involucrado a extranjeros.<\/p>\n<p>Por ende, en Canc\u00fan y diversos puntos han arribado 300 soldados del ej\u00e9rcito mexicano, al arrancar el verano.<\/p>\n<p>&nbsp;<\/p>\n","protected":false},"excerpt":{"rendered":"<p>Un contingente del ej\u00e9rcito mexicano con m\u00e1s de 300 agentes arrib\u00f3 este jueves a Canc\u00fan para reforzar la seguridad en la regi\u00f3n. Soldados del ej\u00e9rcito: Luego de la ante llegada de las vacaciones de verano y la creciente violencia en la zona. Los agentes reforzar\u00e1n la vigilancia en los municipios de la zona norte, donde [&hellip;]<\/p>\n","protected":false},"author":1,"featured_media":7584,"comment_status":"open","ping_status":"closed","sticky":false,"template":"","format":"standard","meta":{"footnotes":""},"categories":[5,6,8],"tags":[],"class_list":["post-7582","post","type-post","status-publish","format-standard","has-post-thumbnail","hentry","category-internacional","category-local","category-policia"],"_links":{"self":[{"href":"https:\/\/podernacional.com\/index.php?rest_route=\/wp\/v2\/posts\/7582","targetHints":{"allow":["GET"]}}],"collection":[{"href":"https:\/\/podernacional.com\/index.php?rest_route=\/wp\/v2\/posts"}],"about":[{"href":"https:\/\/podernacional.com\/index.php?rest_route=\/wp\/v2\/types\/post"}],"author":[{"embeddable":true,"href":"https:\/\/podernacional.com\/index.php?rest_route=\/wp\/v2\/users\/1"}],"replies":[{"embeddable":true,"href":"https:\/\/podernacional.com\/index.php?rest_route=%2Fwp%2Fv2%2Fcomments&post=7582"}],"version-history":[{"count":1,"href":"https:\/\/podernacional.com\/index.php?rest_route=\/wp\/v2\/posts\/7582\/revisions"}],"predecessor-version":[{"id":7583,"href":"https:\/\/podernacional.com\/index.php?rest_route=\/wp\/v2\/posts\/7582\/revisions\/7583"}],"wp:featuredmedia":[{"embeddable":true,"href":"https:\/\/podernacional.com\/index.php?rest_route=\/wp\/v2\/media\/7584"}],"wp:attachment":[{"href":"https:\/\/podernacional.com\/index.php?rest_route=%2Fwp%2Fv2%2Fmedia&parent=7582"}],"wp:term":[{"taxonomy":"category","embeddable":true,"href":"https:\/\/podernacional.com\/index.php?rest_route=%2Fwp%2Fv2%2Fcategories&post=7582"},{"taxonomy":"post_tag","embeddable":true,"href":"https:\/\/podernacional.com\/index.php?rest_route=%2Fwp%2Fv2%2Ftags&post=7582"}],"curies":[{"name":"wp","href":"https:\/\/api.w.org\/{rel}","templated":true}]}}