{"id":7588,"date":"2022-07-16T19:33:43","date_gmt":"2022-07-17T00:33:43","guid":{"rendered":"https:\/\/podernacional.com\/?p=7588"},"modified":"2022-07-17T00:33:44","modified_gmt":"2022-07-17T00:33:44","slug":"amlo-confirma-que-eu-y-canada-invertiran-40-mil-mdd-en-mexico-es-historico-lo-que-llegara","status":"publish","type":"post","link":"https:\/\/podernacional.com\/?p=7588","title":{"rendered":"AMLO confirma que EU y Canad\u00e1 invertir\u00e1n 40 mil mdd en M\u00e9xico: \u2018es hist\u00f3rico lo que llegar\u00e1\u2019"},"content":{"rendered":"<h4>Durante la inauguraci\u00f3n de la planta de caf\u00e9 de Nestl\u00e9 en Veracruz, Obrador detall\u00f3 que la inversi\u00f3n extranjera ser\u00e1 destinada para el sur-sureste del pa\u00eds.<\/h4>\n<p>AMLO: El presidente <a href=\"https:\/\/twitter.com\/lopezobrador_\">Andr\u00e9s Manuel L\u00f3pez Obrador<\/a> inform\u00f3 que a M\u00e9xico llegar\u00e1 una:<\/p>\n<p>\u201cinversi\u00f3n hist\u00f3rica\u201d de 40 mil millones de d\u00f3lares.<\/p>\n<p>El presidente Andr\u00e9s Manuel L\u00f3pez Obrador inform\u00f3 este s\u00e1bado 16 de julio.<\/p>\n<p>A M\u00e9xico llegar\u00e1 una \u201cinversi\u00f3n hist\u00f3rica\u201d de 40 mil millones de d\u00f3lares por parte de Estados Unidos y Canad\u00e1.<\/p>\n<p>\u201cM\u00e9xico est\u00e1 considerado como un pa\u00eds de oportunidades, nosotros estamos recibiendo inversi\u00f3n extranjera como nunca\u201d.<\/p>\n<p>\u201cEs hist\u00f3rico lo que est\u00e1 llegando de inversi\u00f3n for\u00e1nea a nuestro pa\u00eds\u201d, expres\u00f3.<\/p>\n<p>Durante la inauguraci\u00f3n de la planta de caf\u00e9 de Nestl\u00e9 que fue abierta en el puerto de Veracruz.<\/p>\n<p>El mandatario federal detall\u00f3 que dicha inversi\u00f3n ser\u00e1 destinada para el sur-sureste del pa\u00eds.<\/p>\n<p>\u201cAhora en Estados Unidos hablamos de obtener proyectos definidos\u2026 una inversi\u00f3n estadounidense y canadiense por 40 mil millones de d\u00f3lares\u201d<\/p>\n<p>\u201cLa mayor parte de esa inversi\u00f3n es para el sur-sureste del pa\u00eds\u201d, agreg\u00f3.<\/p>\n<p>Adem\u00e1s, reconoci\u00f3 que M\u00e9xico y el mundo est\u00e1n atravesando por una crisis mundial, la cual ha sido acelerada por la guerra en Ucrania.<\/p>\n<p>Por ello, apunt\u00f3 que la invasi\u00f3n rusa ha desatado una crisis econ\u00f3mica mundial \u201cque se tradujo en inflaci\u00f3n que afecta a todos los pa\u00edses\u201d.<\/p>\n<p>Tambi\u00e9n destac\u00f3 que M\u00e9xico ha sido uno de los pa\u00edses que su moneda no se ha depreciado.<\/p>\n<p>\u201cNo hemos tenido problema de depreciaci\u00f3n de nuestra moneda, hoy aparece que M\u00e9xico es el pa\u00eds con menos depreciaci\u00f3n en su moneda\u201d, sostuvo.<\/p>\n<p>A\u00f1adi\u00f3 que en Veracruz van a seguir las inversiones, ya que se acaba de firmar un acuerdo para extraer el gas en Lerdo de Tejada.<\/p>\n<p>\u201cEs una inversi\u00f3n de mil 500 millones de d\u00f3lares, vamos a tener gas y se va a ampliar la f\u00e1brica de fertilizantes en Coatzacoalcos\u201d.<\/p>\n<h4>En la Casa Blanca, AMLO presume precios de gasolina<\/h4>\n<p>En la Casa Blanca, el presidente L\u00f3pez Obrador alarde\u00f3 ante su hom\u00f3logo de Estados Unidos, Joe Biden.<\/p>\n<p>Que los precios de la gasolina son m\u00e1s baratos en su pa\u00eds.<\/p>\n<p>El mandatario destac\u00f3 que su gobierno facilita a los estadounidenses que viven cerca de la frontera sur comprar gasolina a un precio bajo en M\u00e9xico.<\/p>\n<p>Ademas de que muchos estadounidenses estaban aprovechando la proximidad.<\/p>\n<p>Los precios de la gasolina en Estados Unidos tienen un promedio de 4.66 d\u00f3lares por gal\u00f3n, seg\u00fan AAA.<\/p>\n<p>Por debajo del precio m\u00e1ximo de m\u00e1s de5 d\u00f3lares por por gal\u00f3n que ten\u00eda el mes pasado.<\/p>\n<p>AMLO dijo que, en comparaci\u00f3n, la gasolina cuesta alrededor de 3.12 d\u00f3lares por gal\u00f3n en M\u00e9xico.<\/p>\n<p>Aunque el combustible est\u00e1 m\u00e1s subsidiado por el Gobierno de su pa\u00eds.<\/p>\n<p>M\u00e9xico tambi\u00e9n est\u00e1 suministrando combustible a California, Arizona y otros estados fronterizos, dijo.<\/p>\n<p>Agreg\u00f3 que M\u00e9xico planea construir plantas de licuefacci\u00f3n de gas natural y f\u00e1bricas de fertilizantes con inversi\u00f3n estadounidense.<\/p>\n","protected":false},"excerpt":{"rendered":"<p>Durante la inauguraci\u00f3n de la planta de caf\u00e9 de Nestl\u00e9 en Veracruz, Obrador detall\u00f3 que la inversi\u00f3n extranjera ser\u00e1 destinada para el sur-sureste del pa\u00eds. AMLO: El presidente Andr\u00e9s Manuel L\u00f3pez Obrador inform\u00f3 que a M\u00e9xico llegar\u00e1 una: \u201cinversi\u00f3n hist\u00f3rica\u201d de 40 mil millones de d\u00f3lares. El presidente Andr\u00e9s Manuel L\u00f3pez Obrador inform\u00f3 este s\u00e1bado [&hellip;]<\/p>\n","protected":false},"author":1,"featured_media":7590,"comment_status":"open","ping_status":"closed","sticky":false,"template":"","format":"standard","meta":{"footnotes":""},"categories":[7,9],"tags":[],"class_list":["post-7588","post","type-post","status-publish","format-standard","has-post-thumbnail","hentry","category-nacional","category-politica"],"_links":{"self":[{"href":"https:\/\/podernacional.com\/index.php?rest_route=\/wp\/v2\/posts\/7588","targetHints":{"allow":["GET"]}}],"collection":[{"href":"https:\/\/podernacional.com\/index.php?rest_route=\/wp\/v2\/posts"}],"about":[{"href":"https:\/\/podernacional.com\/index.php?rest_route=\/wp\/v2\/types\/post"}],"author":[{"embeddable":true,"href":"https:\/\/podernacional.com\/index.php?rest_route=\/wp\/v2\/users\/1"}],"replies":[{"embeddable":true,"href":"https:\/\/podernacional.com\/index.php?rest_route=%2Fwp%2Fv2%2Fcomments&post=7588"}],"version-history":[{"count":1,"href":"https:\/\/podernacional.com\/index.php?rest_route=\/wp\/v2\/posts\/7588\/revisions"}],"predecessor-version":[{"id":7589,"href":"https:\/\/podernacional.com\/index.php?rest_route=\/wp\/v2\/posts\/7588\/revisions\/7589"}],"wp:featuredmedia":[{"embeddable":true,"href":"https:\/\/podernacional.com\/index.php?rest_route=\/wp\/v2\/media\/7590"}],"wp:attachment":[{"href":"https:\/\/podernacional.com\/index.php?rest_route=%2Fwp%2Fv2%2Fmedia&parent=7588"}],"wp:term":[{"taxonomy":"category","embeddable":true,"href":"https:\/\/podernacional.com\/index.php?rest_route=%2Fwp%2Fv2%2Fcategories&post=7588"},{"taxonomy":"post_tag","embeddable":true,"href":"https:\/\/podernacional.com\/index.php?rest_route=%2Fwp%2Fv2%2Ftags&post=7588"}],"curies":[{"name":"wp","href":"https:\/\/api.w.org\/{rel}","templated":true}]}}