{"id":7591,"date":"2022-07-16T19:40:13","date_gmt":"2022-07-17T00:40:13","guid":{"rendered":"https:\/\/podernacional.com\/?p=7591"},"modified":"2022-07-17T00:40:14","modified_gmt":"2022-07-17T00:40:14","slug":"convoca-gobernador-david-monreal-al-magisterio-a-robustecer-la-educacion-publica","status":"publish","type":"post","link":"https:\/\/podernacional.com\/?p=7591","title":{"rendered":"Convoca Gobernador David Monreal al magisterio a robustecer la educaci\u00f3n p\u00fablica"},"content":{"rendered":"<h4>Apozol, Zac., Julio de 2022.- Al sostener un encuentro con el magisterio de la regi\u00f3n sur del estado.<\/h4>\n<p>Convoca Gobernador David Monreal \u00c1vila ha robustecer la educaci\u00f3n p\u00fablica en beneficio de las y los ni\u00f1os de Zacatecas.<\/p>\n<p>A la vez que garantiz\u00f3 que no le fallar\u00e1 al pueblo de Apozol.<\/p>\n<p>Dicho municipio por el que se esforzar\u00e1 para convertirlo en un verdadero polo de desarrollo.<\/p>\n<p>Tras agradecer a la gente de la regi\u00f3n por su hospitalidad.<\/p>\n<p>En su reciente gira por el municipio ofreci\u00f3 su respaldo a la alcaldesa Gabriela Arellano Quezada.<\/p>\n<p>Para que le vaya bien en su encomienda como presidenta municipal.<\/p>\n<p>Ademas de mencionar que juntos, para luchar por detonar proyectos que generen empleo, servicios, desarrollo y bienestar para las familias.<\/p>\n<p>El Gobernador David Monreal les dio a conocer a los docentes y sectores sociales del municipio la pr\u00f3xima creaci\u00f3n de la Casa del Bienestar.<\/p>\n<p>En la que se invertir\u00e1n 38 millones de pesos para albergar, a las y los adultos mayores.<\/p>\n<p>A fin de brindarles servicios de salud de calidad y servicios que les den comodidad, decoro y tranquilidad.<\/p>\n<p>Acompa\u00f1ado por Maribel Villalpando Haro, secretaria de Educaci\u00f3n, a las y los maestros les pidi\u00f3 unirse en una gran comuni\u00f3n social.<\/p>\n<p>A ser reconstructores de la ciudadan\u00eda, a infundir valores y principios para regenerar el tejido social.<\/p>\n<p>Frente a la emergencia de inseguridad que se vive no s\u00f3lo en Zacatecas, sino en todo M\u00e9xico, producto del abandono gubernamental.<\/p>\n<p>\u201cVengo a invitar al magisterio a robustecer la educaci\u00f3n p\u00fablica\u201d.<\/p>\n<p>\u201cConvencido de que el \u00fanico instrumento de transformaci\u00f3n es la educaci\u00f3n y la mejor herencia para nuestros hijos\u201d.<\/p>\n<p>\u201cCon el deseo de aspirar a una sociedad progresista, con respeto a los derechos humanos, al medio ambiente, a la inclusi\u00f3n\u201d<\/p>\n<p>\u201cAdemas de que todos, luchemos juntos para salir adelante\u201d, expres\u00f3.<\/p>\n<p>Por ende, el Gobernador David Monreal \u00a0convoca al magisterio a robustecer la educaci\u00f3n p\u00fablica<\/p>\n<p>&nbsp;<\/p>\n","protected":false},"excerpt":{"rendered":"<p>Apozol, Zac., Julio de 2022.- Al sostener un encuentro con el magisterio de la regi\u00f3n sur del estado. Convoca Gobernador David Monreal \u00c1vila ha robustecer la educaci\u00f3n p\u00fablica en beneficio de las y los ni\u00f1os de Zacatecas. A la vez que garantiz\u00f3 que no le fallar\u00e1 al pueblo de Apozol. Dicho municipio por el que [&hellip;]<\/p>\n","protected":false},"author":1,"featured_media":7593,"comment_status":"open","ping_status":"closed","sticky":false,"template":"","format":"standard","meta":{"footnotes":""},"categories":[2,7,9],"tags":[],"class_list":["post-7591","post","type-post","status-publish","format-standard","has-post-thumbnail","hentry","category-cultural","category-nacional","category-politica"],"_links":{"self":[{"href":"https:\/\/podernacional.com\/index.php?rest_route=\/wp\/v2\/posts\/7591","targetHints":{"allow":["GET"]}}],"collection":[{"href":"https:\/\/podernacional.com\/index.php?rest_route=\/wp\/v2\/posts"}],"about":[{"href":"https:\/\/podernacional.com\/index.php?rest_route=\/wp\/v2\/types\/post"}],"author":[{"embeddable":true,"href":"https:\/\/podernacional.com\/index.php?rest_route=\/wp\/v2\/users\/1"}],"replies":[{"embeddable":true,"href":"https:\/\/podernacional.com\/index.php?rest_route=%2Fwp%2Fv2%2Fcomments&post=7591"}],"version-history":[{"count":1,"href":"https:\/\/podernacional.com\/index.php?rest_route=\/wp\/v2\/posts\/7591\/revisions"}],"predecessor-version":[{"id":7592,"href":"https:\/\/podernacional.com\/index.php?rest_route=\/wp\/v2\/posts\/7591\/revisions\/7592"}],"wp:featuredmedia":[{"embeddable":true,"href":"https:\/\/podernacional.com\/index.php?rest_route=\/wp\/v2\/media\/7593"}],"wp:attachment":[{"href":"https:\/\/podernacional.com\/index.php?rest_route=%2Fwp%2Fv2%2Fmedia&parent=7591"}],"wp:term":[{"taxonomy":"category","embeddable":true,"href":"https:\/\/podernacional.com\/index.php?rest_route=%2Fwp%2Fv2%2Fcategories&post=7591"},{"taxonomy":"post_tag","embeddable":true,"href":"https:\/\/podernacional.com\/index.php?rest_route=%2Fwp%2Fv2%2Ftags&post=7591"}],"curies":[{"name":"wp","href":"https:\/\/api.w.org\/{rel}","templated":true}]}}