{"id":7600,"date":"2022-07-18T19:47:48","date_gmt":"2022-07-19T00:47:48","guid":{"rendered":"https:\/\/podernacional.com\/?p=7600"},"modified":"2022-07-19T00:47:49","modified_gmt":"2022-07-19T00:47:49","slug":"faltan-titulares-de-cultura-en-municipios","status":"publish","type":"post","link":"https:\/\/podernacional.com\/?p=7600","title":{"rendered":"Faltan titulares de cultura en municipios"},"content":{"rendered":"<h4>Mientras que a algunos municipios no se destina el presupuesto suficiente para el impulso, promoci\u00f3n y desarrollo cultural entre sus habitantes.<\/h4>\n<p>Titulares: A\u00fan existen institutos de cultura a los cuales no se les ha nombrado un titular que defina las estrategias a seguir.<\/p>\n<p>A\u00a010 meses de que se renovaron las administraciones municipales.<\/p>\n<p>En entrevista, Lourdes Imbert Carre\u00f3n, directora de Vinculaci\u00f3n Estrat\u00e9gica del Instituto Zacatecano de Cultura (IZC) Ram\u00f3n L\u00f3pez Velarde.<\/p>\n<p>Por ende, reconoci\u00f3 los atrasos que se tienen en los municipios para cumplir con dichos objetivos, de los cuales.<\/p>\n<p>Ademas\u00a0consider\u00f3 son m\u00e1s visibles en la regi\u00f3n del semidesierto.<\/p>\n<p>A pesar de lo anterior, la funcionaria rechaz\u00f3 calificar dicha situaci\u00f3n como un rezago.<\/p>\n<p>\u201cLa cultura nace justamente desde lo local\u201d.<\/p>\n<p>\u201cRealmente no podemos decir que ning\u00fan municipio no tuviera ninguna\u201d.<\/p>\n<p>\u201cCreo que les falta a lo mejor alguna parte de enrocar alguna situaci\u00f3n\u201d, expres\u00f3.<\/p>\n<p>Imbert Carre\u00f3n opin\u00f3 que dicha situaci\u00f3n se trata m\u00e1s de una cuesti\u00f3n presupuestal.<\/p>\n<p>Para lo que el IZC crea y baja programas que buscan acercar a los municipios:<\/p>\n<p>\u201cBajo este esquema de corresponsabilidad que no cueste mucho realmente a nadie y podamos generar presencia cultural\u201d.<\/p>\n<p>\u201cHay solicitud, sobre todo, en cuanto a lo que implementamos en los procesos, que es llevar todos los programas\u201d.<\/p>\n<p>\u201cTodos los bienes y servicios culturales hacia los municipios, presentaciones art\u00edstico-culturales\u201d.<\/p>\n<p>Entonces, bueno, crear fondos, como un mecanismo de apoyo financiero para poder generar procesos culturales, presentaciones.<\/p>\n<p>As\u00ed como de llevar a cabo los proyectos culturales en los municipios\u201d, mencion\u00f3.<\/p>\n<p>Aun cuando todos los municipios deben tener un titular para hacerse cargo de sus respectivos institutos municipales de cultura.<\/p>\n<p>Ademas del desarrollo de acciones en este rubro, por el momento son:<\/p>\n<p>Momax, Gral. Trinidad Garc\u00eda de la Cadena, Apulco, El Plateado de Joaqu\u00edn Amaro, Mezquital del Oro y El Salvador los que no cuentan con uno.<\/p>\n<p>Sin embargo, inform\u00f3 que se est\u00e1 por firmar un documento<\/p>\n<p>\u201cJustamente para poder implementar estos procesos culturales y no ser\u00e1 ning\u00fan problema que no tengamos los seis directores faltantes de cultura\u201d, finaliz\u00f3.<\/p>\n<p>Por ende, mencionan que faltan titulares de cultura en municipios<\/p>\n","protected":false},"excerpt":{"rendered":"<p>Mientras que a algunos municipios no se destina el presupuesto suficiente para el impulso, promoci\u00f3n y desarrollo cultural entre sus habitantes. Titulares: A\u00fan existen institutos de cultura a los cuales no se les ha nombrado un titular que defina las estrategias a seguir. A\u00a010 meses de que se renovaron las administraciones municipales. En entrevista, Lourdes [&hellip;]<\/p>\n","protected":false},"author":1,"featured_media":7602,"comment_status":"open","ping_status":"closed","sticky":false,"template":"","format":"standard","meta":{"footnotes":""},"categories":[2,7],"tags":[],"class_list":["post-7600","post","type-post","status-publish","format-standard","has-post-thumbnail","hentry","category-cultural","category-nacional"],"_links":{"self":[{"href":"https:\/\/podernacional.com\/index.php?rest_route=\/wp\/v2\/posts\/7600","targetHints":{"allow":["GET"]}}],"collection":[{"href":"https:\/\/podernacional.com\/index.php?rest_route=\/wp\/v2\/posts"}],"about":[{"href":"https:\/\/podernacional.com\/index.php?rest_route=\/wp\/v2\/types\/post"}],"author":[{"embeddable":true,"href":"https:\/\/podernacional.com\/index.php?rest_route=\/wp\/v2\/users\/1"}],"replies":[{"embeddable":true,"href":"https:\/\/podernacional.com\/index.php?rest_route=%2Fwp%2Fv2%2Fcomments&post=7600"}],"version-history":[{"count":1,"href":"https:\/\/podernacional.com\/index.php?rest_route=\/wp\/v2\/posts\/7600\/revisions"}],"predecessor-version":[{"id":7601,"href":"https:\/\/podernacional.com\/index.php?rest_route=\/wp\/v2\/posts\/7600\/revisions\/7601"}],"wp:featuredmedia":[{"embeddable":true,"href":"https:\/\/podernacional.com\/index.php?rest_route=\/wp\/v2\/media\/7602"}],"wp:attachment":[{"href":"https:\/\/podernacional.com\/index.php?rest_route=%2Fwp%2Fv2%2Fmedia&parent=7600"}],"wp:term":[{"taxonomy":"category","embeddable":true,"href":"https:\/\/podernacional.com\/index.php?rest_route=%2Fwp%2Fv2%2Fcategories&post=7600"},{"taxonomy":"post_tag","embeddable":true,"href":"https:\/\/podernacional.com\/index.php?rest_route=%2Fwp%2Fv2%2Ftags&post=7600"}],"curies":[{"name":"wp","href":"https:\/\/api.w.org\/{rel}","templated":true}]}}