{"id":7606,"date":"2022-07-18T20:12:26","date_gmt":"2022-07-19T01:12:26","guid":{"rendered":"https:\/\/podernacional.com\/?p=7606"},"modified":"2022-07-19T01:12:27","modified_gmt":"2022-07-19T01:12:27","slug":"festival-fresc-pasa-balance-con-mas-de-2-500-espectadores-en-15-espectaculos","status":"publish","type":"post","link":"https:\/\/podernacional.com\/?p=7606","title":{"rendered":"Festival Fresc pasa balance con m\u00e1s de 2.500 espectadores en 15 espect\u00e1culos"},"content":{"rendered":"<h4>Sabadell (Barcelona), 18 jul.- El <a href=\"https:\/\/www.fundaciosabadell.cat\/es\/activitats-cultura\/fresc-festival-es\/\">festival Fresc de Sabadell<\/a> ha hecho un balance positivo de la edici\u00f3n de este a\u00f1o.<\/h4>\n<p>Festival Fresc: Ademas menciona que. en la que fue un total de 2.548 personas.<\/p>\n<p>Los cuales han pasado por los Jardinets de la Fundaci\u00f3n 1859 Caixa Sabadell y se ha vendido un 80 % de las entradas.<\/p>\n<p>En la ciudad de Sabadell (Barcelona), Lul, menciona que el festival Fresc de Sabadell ha hecho un balance positivo.<\/p>\n<p>La cual es el\u00a0de la edici\u00f3n del a\u00f1o 2022, donde ademas\u00a0un total de 2.548 personas han pasado por los Jardinets.<\/p>\n<p>De la dicha\u00a0Fundaci\u00f3n 1859 Caixa Sabadell.<\/p>\n<p>Y con todo esto\u00a0se han\u00a0vendido un 80 % de las entradas.<\/p>\n<p>Siete minutos para estar al d\u00eda.<\/p>\n<p>El director de la Fundaci\u00f3n 1859 Caixa Sabadell, Joan Carles Sunyer, ha se\u00f1alado que<\/p>\n<p>\u00abEl Fresc se consolida con una programaci\u00f3n ecl\u00e9ctica y de calidad\u00bb, que este a\u00f1o ha presentado 15 propuestas teatrales y musicales.<\/p>\n<p>\u00abQueremos seguir siendo una oferta veraniega basada en el teatro, la m\u00fasica y la palabra y, sobre todo\u201d.<\/p>\n<p>\u201cAdemas que es un festival de dimensiones humanas, tranquilo y sin masificaciones\u00bb, se\u00f1ala Sunyer<\/p>\n<p>Las obras de teatro \u00abNi rastre de qui vam ser\u00bb (Fel Faixedas y Carles Xuriguera) y \u00abEls Ocells\u00bb (La Calorica).<\/p>\n<p>As\u00ed como\u00a0el concierto de Marina Rosell, el espect\u00e1culo m\u00fasico-teatral Tenors (compa\u00f1\u00eda Illuminati).<\/p>\n<p>Finalmente tambien\u00a0los recitales po\u00e9ticos \u00abFil de Memoria\u00bb (con Pere Arquillu\u00e9) y \u00abTemps fr\u00e0gils\u00bb (con Jordi Boixaderas), agotaron las localidades.<\/p>\n","protected":false},"excerpt":{"rendered":"<p>Sabadell (Barcelona), 18 jul.- El festival Fresc de Sabadell ha hecho un balance positivo de la edici\u00f3n de este a\u00f1o. Festival Fresc: Ademas menciona que. en la que fue un total de 2.548 personas. Los cuales han pasado por los Jardinets de la Fundaci\u00f3n 1859 Caixa Sabadell y se ha vendido un 80 % de [&hellip;]<\/p>\n","protected":false},"author":1,"featured_media":7608,"comment_status":"open","ping_status":"closed","sticky":false,"template":"","format":"standard","meta":{"footnotes":""},"categories":[2,4,5],"tags":[],"class_list":["post-7606","post","type-post","status-publish","format-standard","has-post-thumbnail","hentry","category-cultural","category-espectaculos","category-internacional"],"_links":{"self":[{"href":"https:\/\/podernacional.com\/index.php?rest_route=\/wp\/v2\/posts\/7606","targetHints":{"allow":["GET"]}}],"collection":[{"href":"https:\/\/podernacional.com\/index.php?rest_route=\/wp\/v2\/posts"}],"about":[{"href":"https:\/\/podernacional.com\/index.php?rest_route=\/wp\/v2\/types\/post"}],"author":[{"embeddable":true,"href":"https:\/\/podernacional.com\/index.php?rest_route=\/wp\/v2\/users\/1"}],"replies":[{"embeddable":true,"href":"https:\/\/podernacional.com\/index.php?rest_route=%2Fwp%2Fv2%2Fcomments&post=7606"}],"version-history":[{"count":1,"href":"https:\/\/podernacional.com\/index.php?rest_route=\/wp\/v2\/posts\/7606\/revisions"}],"predecessor-version":[{"id":7607,"href":"https:\/\/podernacional.com\/index.php?rest_route=\/wp\/v2\/posts\/7606\/revisions\/7607"}],"wp:featuredmedia":[{"embeddable":true,"href":"https:\/\/podernacional.com\/index.php?rest_route=\/wp\/v2\/media\/7608"}],"wp:attachment":[{"href":"https:\/\/podernacional.com\/index.php?rest_route=%2Fwp%2Fv2%2Fmedia&parent=7606"}],"wp:term":[{"taxonomy":"category","embeddable":true,"href":"https:\/\/podernacional.com\/index.php?rest_route=%2Fwp%2Fv2%2Fcategories&post=7606"},{"taxonomy":"post_tag","embeddable":true,"href":"https:\/\/podernacional.com\/index.php?rest_route=%2Fwp%2Fv2%2Ftags&post=7606"}],"curies":[{"name":"wp","href":"https:\/\/api.w.org\/{rel}","templated":true}]}}