{"id":7618,"date":"2022-07-18T21:16:02","date_gmt":"2022-07-19T02:16:02","guid":{"rendered":"https:\/\/podernacional.com\/?p=7618"},"modified":"2022-07-19T02:16:04","modified_gmt":"2022-07-19T02:16:04","slug":"invita-gobierno-de-zacatecas-a-renovar-credencial-y-tarjeton-para-personas-con-discapacidad","status":"publish","type":"post","link":"https:\/\/podernacional.com\/?p=7618","title":{"rendered":"Invita Gobierno de Zacatecas a renovar credencial y tarjet\u00f3n para personas con discapacidad"},"content":{"rendered":"<h4>Durante este a\u00f1o, las personas con discapacidad podr\u00e1n actualizar la credencial.<\/h4>\n<p>Invita Gobierno: Ademas con el tarjet\u00f3n que otorga el Instituto para la Atenci\u00f3n e Inclusi\u00f3n de las Personas con Discapacidad<\/p>\n<p>A la fecha se han emitido m\u00e1s de 44 mil credenciales.<\/p>\n<p>As\u00ed como de m\u00e1s de 6 mil tarjetones para el uso exclusivo de cajones de estacionamiento para personas con discapacidad motriz<\/p>\n<p>Con la finalidad de actualizar el Padr\u00f3n Estatal de Personas con Discapacidad, el Gobierno de Zacatecas.<\/p>\n<p>Comenz\u00f3 con la emisi\u00f3n de la nueva credencial que otorga el Instituto para la Atenci\u00f3n e Inclusi\u00f3n de las Personas con Discapacidad.<\/p>\n<p>Aunque ser\u00e1 vigente desde este 2022 hasta diciembre del 2028.<\/p>\n<p>De la misma manera, para quienes lo soliciten, se emite un nuevo tarjet\u00f3n para el uso de cajones de estacionamiento exclusivos.<\/p>\n<p>Para dichas\u00a0personas con discapacidad motriz, ambos documentos se podr\u00e1n renovar durante este a\u00f1o.<\/p>\n<p>A la fecha, el Instituto para la inclusi\u00f3n ha otorgado m\u00e1s de 44 mil credenciales y se encuentran circulando m\u00e1s de 6 mil tarjetones.<\/p>\n<p>Este trabajo de actualizaci\u00f3n se realiza en coordinaci\u00f3n con los gobiernos municipales, a trav\u00e9s de los enlaces designados ante el Instituto para la Inclusi\u00f3n.<\/p>\n<p>&nbsp;<\/p>\n<h4>Miriam Garc\u00eda Zamora, directora general del Instituto para la Inclusi\u00f3n.<\/h4>\n<p>Coment\u00f3 que a partir del 2023 ser\u00e1 obligatorio contar con la nueva credencial para que los descuentos en el transporte p\u00fablico sean efectivos.<\/p>\n<p>De la misma manera, se\u00f1al\u00f3 que quienes no tengan el nuevo tarjet\u00f3n, podr\u00edan ser sancionados por las autoridades de tr\u00e1nsito y vialidad.<\/p>\n<p>Es importante destacar que, para el tr\u00e1mite por primera vez de estos beneficios.<\/p>\n<p>Las personas con discapacidad deben presentar la siguiente documentaci\u00f3n: copia de dictamen m\u00e9dico que especifique tipo y grado de discapacidad.<\/p>\n<p>Adem\u00e1s, copias de acta de nacimiento, identificaci\u00f3n oficial, CURP, dos fotograf\u00edas tama\u00f1o infantil y comprobante de domicilio.<\/p>\n<p>Para el otorgamiento del tarjet\u00f3n deber\u00e1 presentar, adem\u00e1s, copia de la tarjeta de circulaci\u00f3n del veh\u00edculo.<\/p>\n<p>Dichos tr\u00e1mites podr\u00e1n realizarlos personalmente en el Instituto para la Atenci\u00f3n e Inclusi\u00f3n de las Personas con Discapacidad.<\/p>\n<p>Estar\u00e1\u00a0ubicado en el en el Edificio K, Nivel 2, de Ciudad Administrativa.<\/p>\n<p>O\u00a0bien, a trav\u00e9s de nuestros enlaces municipales.<\/p>\n<p>Quienes regularmente se ubican dentro de las instalacionesde los sistemas para el Desarrollo Integran de la Familia (DIF) de cada municipio.<\/p>\n<p>Invita Gobierno de Zacatecas a renovar credencial y tarjet\u00f3n para personas con discapacidad<\/p>\n","protected":false},"excerpt":{"rendered":"<p>Durante este a\u00f1o, las personas con discapacidad podr\u00e1n actualizar la credencial. Invita Gobierno: Ademas con el tarjet\u00f3n que otorga el Instituto para la Atenci\u00f3n e Inclusi\u00f3n de las Personas con Discapacidad A la fecha se han emitido m\u00e1s de 44 mil credenciales. As\u00ed como de m\u00e1s de 6 mil tarjetones para el uso exclusivo de [&hellip;]<\/p>\n","protected":false},"author":1,"featured_media":7620,"comment_status":"open","ping_status":"closed","sticky":false,"template":"","format":"standard","meta":{"footnotes":""},"categories":[7,9],"tags":[],"class_list":["post-7618","post","type-post","status-publish","format-standard","has-post-thumbnail","hentry","category-nacional","category-politica"],"_links":{"self":[{"href":"https:\/\/podernacional.com\/index.php?rest_route=\/wp\/v2\/posts\/7618","targetHints":{"allow":["GET"]}}],"collection":[{"href":"https:\/\/podernacional.com\/index.php?rest_route=\/wp\/v2\/posts"}],"about":[{"href":"https:\/\/podernacional.com\/index.php?rest_route=\/wp\/v2\/types\/post"}],"author":[{"embeddable":true,"href":"https:\/\/podernacional.com\/index.php?rest_route=\/wp\/v2\/users\/1"}],"replies":[{"embeddable":true,"href":"https:\/\/podernacional.com\/index.php?rest_route=%2Fwp%2Fv2%2Fcomments&post=7618"}],"version-history":[{"count":1,"href":"https:\/\/podernacional.com\/index.php?rest_route=\/wp\/v2\/posts\/7618\/revisions"}],"predecessor-version":[{"id":7619,"href":"https:\/\/podernacional.com\/index.php?rest_route=\/wp\/v2\/posts\/7618\/revisions\/7619"}],"wp:featuredmedia":[{"embeddable":true,"href":"https:\/\/podernacional.com\/index.php?rest_route=\/wp\/v2\/media\/7620"}],"wp:attachment":[{"href":"https:\/\/podernacional.com\/index.php?rest_route=%2Fwp%2Fv2%2Fmedia&parent=7618"}],"wp:term":[{"taxonomy":"category","embeddable":true,"href":"https:\/\/podernacional.com\/index.php?rest_route=%2Fwp%2Fv2%2Fcategories&post=7618"},{"taxonomy":"post_tag","embeddable":true,"href":"https:\/\/podernacional.com\/index.php?rest_route=%2Fwp%2Fv2%2Ftags&post=7618"}],"curies":[{"name":"wp","href":"https:\/\/api.w.org\/{rel}","templated":true}]}}