{"id":7624,"date":"2022-07-18T21:26:39","date_gmt":"2022-07-19T02:26:39","guid":{"rendered":"https:\/\/podernacional.com\/?p=7624"},"modified":"2022-07-19T02:26:41","modified_gmt":"2022-07-19T02:26:41","slug":"viruela-del-mono-en-mexico-detectan-primer-caso-en-quintana-roo","status":"publish","type":"post","link":"https:\/\/podernacional.com\/?p=7624","title":{"rendered":"Viruela del mono en M\u00e9xico: Detectan primer caso en Quintana Roo"},"content":{"rendered":"<h4>El primer contagio de viruela del mono en Quintana Roo se trata de un hombre mayor de edad.<\/h4>\n<p>Viruela del mono: Quien ademas, desde el pasado 11 de julio present\u00f3 s\u00edntomas.<\/p>\n<p>Uno de los s\u00edntomas m\u00e1s comunes de la viruela del mono son las lesiones cut\u00e1neas.<\/p>\n<p>El Instituto de Diagn\u00f3stico y Referencia Epidemiol\u00f3gicos (Indre) notific\u00f3 este lunes 18 de julio la confirmaci\u00f3n del primer caso de viruela del mono en QuintanaRoo.<\/p>\n<p>Se trata de un paciente masculino mayor de edad, quien solicit\u00f3 atenci\u00f3n m\u00e9dica en el estado el 11 de julio pasado.<\/p>\n<p>Despu\u00e9s de presentar s\u00edntomas como lesi\u00f3n de piel (exantema), febr\u00edcula, dolor de cabeza (cefalea) y dolor muscular (mialgias).<\/p>\n<p>De acuerdo con el protocolo de actuaci\u00f3n, las autoridades pusieron en aislamiento al paciente.<\/p>\n<p>Le tomaron las muestras que fueron enviadas al Indre, del cual sali\u00f3 positivo.<\/p>\n<p>Se dio a conocer que, hasta el momento, el paciente se encuentra estable y contin\u00faa en aislamiento.<\/p>\n<p>La viruela s\u00edmica suele ser una enfermedad autolimitada, con s\u00edntomas que duran de 2 a 4 semanas.<\/p>\n<p>Los signos cl\u00ednicos m\u00e1s frecuentes son fiebre, erupci\u00f3n cut\u00e1nea e inflamaci\u00f3n de los ganglios linf\u00e1ticos.<\/p>\n<p>Es una enfermedad que se transmite de una persona a otra por contacto estrecho con lesiones, l\u00edquidos corporales.<\/p>\n<p>As\u00ed como de got\u00edculas respiratorias y materiales contaminados como la ropa de cama.<\/p>\n<p>Se recomienda a la poblaci\u00f3n mantener las medidas de prevenci\u00f3n, entre ellas el uso de cubrebocas, el distanciamiento social.<\/p>\n<p>Ademas de limpieza y desinfecci\u00f3n de espacios, lavado de manos, cubrirse la boca con \u00e1ngulo interno del codo al toser o estornudar.<\/p>\n<p>As\u00ed como el aislamiento social en caso de presentar s\u00edntomas como fiebre, malestar corporal y erupciones cut\u00e1neas en diversas partes del cuerpo.<\/p>\n<p>Ademas se reporta Nuevo M\u00e9xico su primer posible caso de viruela del mono<\/p>\n<p>No automedicarse y acudir al m\u00e9dico de su proveedor de servicios de salud en instituciones p\u00fablicas o privadas en caso de presentar s\u00edntomas.<\/p>\n<p>Hasta el pasado s\u00e1bado, en M\u00e9xico se ten\u00edan registrados 35 pacientes contagiados con la viruela del mono siendo localizados estos en:<\/p>\n<p>La Ciudad de M\u00e9xico, Estado de M\u00e9xico, Jalisco, Nuevo Le\u00f3n, Colima y Veracruz, Sinaloa.<\/p>\n<p>As\u00ed como ahora Quintana Roo que se suma a la lista con su primer caso.<\/p>\n","protected":false},"excerpt":{"rendered":"<p>El primer contagio de viruela del mono en Quintana Roo se trata de un hombre mayor de edad. Viruela del mono: Quien ademas, desde el pasado 11 de julio present\u00f3 s\u00edntomas. Uno de los s\u00edntomas m\u00e1s comunes de la viruela del mono son las lesiones cut\u00e1neas. El Instituto de Diagn\u00f3stico y Referencia Epidemiol\u00f3gicos (Indre) notific\u00f3 [&hellip;]<\/p>\n","protected":false},"author":1,"featured_media":7626,"comment_status":"open","ping_status":"closed","sticky":false,"template":"","format":"standard","meta":{"footnotes":""},"categories":[10,11],"tags":[],"class_list":["post-7624","post","type-post","status-publish","format-standard","has-post-thumbnail","hentry","category-quintana-roo","category-salud"],"_links":{"self":[{"href":"https:\/\/podernacional.com\/index.php?rest_route=\/wp\/v2\/posts\/7624","targetHints":{"allow":["GET"]}}],"collection":[{"href":"https:\/\/podernacional.com\/index.php?rest_route=\/wp\/v2\/posts"}],"about":[{"href":"https:\/\/podernacional.com\/index.php?rest_route=\/wp\/v2\/types\/post"}],"author":[{"embeddable":true,"href":"https:\/\/podernacional.com\/index.php?rest_route=\/wp\/v2\/users\/1"}],"replies":[{"embeddable":true,"href":"https:\/\/podernacional.com\/index.php?rest_route=%2Fwp%2Fv2%2Fcomments&post=7624"}],"version-history":[{"count":1,"href":"https:\/\/podernacional.com\/index.php?rest_route=\/wp\/v2\/posts\/7624\/revisions"}],"predecessor-version":[{"id":7625,"href":"https:\/\/podernacional.com\/index.php?rest_route=\/wp\/v2\/posts\/7624\/revisions\/7625"}],"wp:featuredmedia":[{"embeddable":true,"href":"https:\/\/podernacional.com\/index.php?rest_route=\/wp\/v2\/media\/7626"}],"wp:attachment":[{"href":"https:\/\/podernacional.com\/index.php?rest_route=%2Fwp%2Fv2%2Fmedia&parent=7624"}],"wp:term":[{"taxonomy":"category","embeddable":true,"href":"https:\/\/podernacional.com\/index.php?rest_route=%2Fwp%2Fv2%2Fcategories&post=7624"},{"taxonomy":"post_tag","embeddable":true,"href":"https:\/\/podernacional.com\/index.php?rest_route=%2Fwp%2Fv2%2Ftags&post=7624"}],"curies":[{"name":"wp","href":"https:\/\/api.w.org\/{rel}","templated":true}]}}