{"id":7642,"date":"2022-07-19T20:11:23","date_gmt":"2022-07-20T01:11:23","guid":{"rendered":"https:\/\/podernacional.com\/?p=7642"},"modified":"2022-07-20T01:11:24","modified_gmt":"2022-07-20T01:11:24","slug":"ahoga-mala-racha-a-cancun-fc-va-contra-tlaxcala","status":"publish","type":"post","link":"https:\/\/podernacional.com\/?p=7642","title":{"rendered":"Ahoga mala racha a Canc\u00fan FC, va contra Tlaxcala"},"content":{"rendered":"<h4>Las ahora \u2018iguanas\u2019 reciben a los \u2018coyotes\u2019, el Canc\u00fan FC de \u00cd\u00f1igo Idiakez tiene dos derrotas consecutivas.<\/h4>\n<p>Canc\u00fan FC: Este martes <a href=\"http:\/\/cancunfc.club\/\">Canc\u00fan FC<\/a> regresa a la actividad del Torneo Apertura 2022 de la Liga de Expansi\u00f3n.<\/p>\n<p>Cuando reciba a los Coyotes de Tlaxcala por la Jornada 4, a las 19:05 horas en el Estadio Andr\u00e9s Quintana Roo.<\/p>\n<p>Las \u2018Iguanas\u2019 llegan a este compromiso con la losa de dos partidos consecutivos con derrota.<\/p>\n<p>Tras caer de local 0-1 ante Raya2 y 0-2 de visita contra Atlante.<\/p>\n<p>Los dirigidos por el t\u00e9cnico espa\u00f1ol \u00cd\u00f1igo Idi\u00e1kez se ubican en el d\u00e9cimo tercer lugar de la tabla general con tres puntos de nueve posibles.<\/p>\n<p>Producto de una victoria y dos derrotas, mismos n\u00fameros que los tlaxcaltecas quienes se encuentran un pelda\u00f1o m\u00e1s abajo.<\/p>\n<p>\u201cComenzamos un poco flojos, nos cost\u00f3 mucho al principio, pero una vez que agarramos el ritmo, poco a poco nos metimos al partido\u201d.<\/p>\n<p>Lamentablemente, ya no nos alcanz\u00f3, a pesar del esfuerzo que hicimos.<\/p>\n<p>\u201cEs algo de lo que tenemos que aprender y en este compromiso ante Tlaxcala, hay que demostrarlo desde el primer minuto\u201d.<\/p>\n<p>Esto lo\u00a0coment\u00f3 el capit\u00e1n de Canc\u00fan FC Michael P\u00e9rez.<\/p>\n<p>&nbsp;<\/p>\n<h4>Mientras que Tlaxcala gan\u00f3 su primer duelo de local 2-0 contra Cimarrones.<\/h4>\n<p>Sin embargo, fue superado por Atl\u00e9tico Morelia y Dorados de Sinaloa respectivamente con marcador de 2-0 en ambos encuentros.<\/p>\n<p>El equipo ahora es dirigido por el ex portero Jorge Villalpando.<\/p>\n<p>En el historial entre ambas instituciones, los Coyotes llevan la ventaja de tres encuentros ganados a cambio de dos para los cancunenses.<\/p>\n<p>En el Apertura 2020 Canc\u00fan FC se impuso 2-0 en el AQR.<\/p>\n<p>En ese mismo certamen se midieron en el Repechaje y Tlaxcala logr\u00f3 el triunfo en Canc\u00fan 2-1.<\/p>\n<p>Para el Clausura 2021 ganaron los tlaxcaltecas 1-0 en el Estadio Tlahuicole.<\/p>\n<p>En el Apertura 2021, Tlaxcala dobleg\u00f3 3-1 a Canc\u00fan, que respondi\u00f3 con un triunfo por la m\u00ednima en el Clausura 2022.<\/p>\n<p>Por ende,Ahoga mala racha a Canc\u00fan FC, va contra Tlaxcala<\/p>\n<p>&nbsp;<\/p>\n","protected":false},"excerpt":{"rendered":"<p>Las ahora \u2018iguanas\u2019 reciben a los \u2018coyotes\u2019, el Canc\u00fan FC de \u00cd\u00f1igo Idiakez tiene dos derrotas consecutivas. Canc\u00fan FC: Este martes Canc\u00fan FC regresa a la actividad del Torneo Apertura 2022 de la Liga de Expansi\u00f3n. Cuando reciba a los Coyotes de Tlaxcala por la Jornada 4, a las 19:05 horas en el Estadio Andr\u00e9s [&hellip;]<\/p>\n","protected":false},"author":1,"featured_media":7644,"comment_status":"open","ping_status":"closed","sticky":false,"template":"","format":"standard","meta":{"footnotes":""},"categories":[3,6,10],"tags":[],"class_list":["post-7642","post","type-post","status-publish","format-standard","has-post-thumbnail","hentry","category-deportes","category-local","category-quintana-roo"],"_links":{"self":[{"href":"https:\/\/podernacional.com\/index.php?rest_route=\/wp\/v2\/posts\/7642","targetHints":{"allow":["GET"]}}],"collection":[{"href":"https:\/\/podernacional.com\/index.php?rest_route=\/wp\/v2\/posts"}],"about":[{"href":"https:\/\/podernacional.com\/index.php?rest_route=\/wp\/v2\/types\/post"}],"author":[{"embeddable":true,"href":"https:\/\/podernacional.com\/index.php?rest_route=\/wp\/v2\/users\/1"}],"replies":[{"embeddable":true,"href":"https:\/\/podernacional.com\/index.php?rest_route=%2Fwp%2Fv2%2Fcomments&post=7642"}],"version-history":[{"count":1,"href":"https:\/\/podernacional.com\/index.php?rest_route=\/wp\/v2\/posts\/7642\/revisions"}],"predecessor-version":[{"id":7643,"href":"https:\/\/podernacional.com\/index.php?rest_route=\/wp\/v2\/posts\/7642\/revisions\/7643"}],"wp:featuredmedia":[{"embeddable":true,"href":"https:\/\/podernacional.com\/index.php?rest_route=\/wp\/v2\/media\/7644"}],"wp:attachment":[{"href":"https:\/\/podernacional.com\/index.php?rest_route=%2Fwp%2Fv2%2Fmedia&parent=7642"}],"wp:term":[{"taxonomy":"category","embeddable":true,"href":"https:\/\/podernacional.com\/index.php?rest_route=%2Fwp%2Fv2%2Fcategories&post=7642"},{"taxonomy":"post_tag","embeddable":true,"href":"https:\/\/podernacional.com\/index.php?rest_route=%2Fwp%2Fv2%2Ftags&post=7642"}],"curies":[{"name":"wp","href":"https:\/\/api.w.org\/{rel}","templated":true}]}}