{"id":7648,"date":"2022-07-19T20:50:57","date_gmt":"2022-07-20T01:50:57","guid":{"rendered":"https:\/\/podernacional.com\/?p=7648"},"modified":"2022-07-20T01:50:58","modified_gmt":"2022-07-20T01:50:58","slug":"batacazo-economia-de-mexico-se-enfila-a-su-peor-contraccion-mensual-del-ano","status":"publish","type":"post","link":"https:\/\/podernacional.com\/?p=7648","title":{"rendered":"Batacazo! Econom\u00eda de M\u00e9xico se enfila a su peor contracci\u00f3n mensual del a\u00f1o"},"content":{"rendered":"<h4>El Indicador Oportuno de la Actividad Econ\u00f3mica muestra que el PIB habr\u00eda ca\u00eddo 0.38% en junio.<\/h4>\n<p>Econom\u00eda de M\u00e9xico : La actividad econ\u00f3mica de M\u00e9xico confirm\u00f3 el deterioro en su tendencia de crecimiento en junio.<\/p>\n<p>Con lo registrar\u00eda su peor ca\u00edda en 10 meses, de acuerdo con el Instituto Nacional de Estad\u00edstica y Geograf\u00eda (Inegi).<\/p>\n<p>Seg\u00fan los resultados en el nuevo Indicador Oportuno de la Actividad Econ\u00f3mica (IOAE).<\/p>\n<p>Se estima una variaci\u00f3n negativa de 0.38 por ciento del Indicador Global de Actividad Econ\u00f3mica (IGAE).<\/p>\n<p>Dicha variaci\u00f3n es la m\u00e1s baja desde agosto del a\u00f1o pasado, cuando retrocedi\u00f3 1.05 por ciento a tasa mensual.<\/p>\n<p>De esta manera, la econom\u00eda habr\u00eda cortado una racha de 3 meses consecutivos de crecimiento, durante los que acumul\u00f3 un avance de 1.50 por ciento.<\/p>\n<p>As\u00ed, el \u00edndice general de la actividad todav\u00eda se ubicar\u00eda 0.49 por ciento debajo de sus niveles prepandemia, es decir, de febrero de 2020.<\/p>\n<p>Por actividad econ\u00f3mica, se estima una contracci\u00f3n mensual de 0.5 por ciento en las actividades terciarias.<\/p>\n<p>Suma su segundo mes con bajas y su peor variaci\u00f3n desde agosto del a\u00f1o pasado.<\/p>\n<p>Por su parte, se espera que las actividades terciarias presenten un retroceso de 0.3 por ciento en junio, su primera baja en cuatro meses.<\/p>\n<p>Ademas se especuala que hay \u2018conspiraci\u00f3n\u2019 y \u2018filtraciones\u2019 para frenar el Tren Maya desde el Gobierno, acusa AMLO<\/p>\n<p>Finalmente, para junio se estima un nivel del \u00edndice de 111.25 para el IGAE.<\/p>\n<p>As\u00ed como de 101.1 en las actividades secundarias y de 115.9 en las actividades terciarias.<\/p>\n<p>En su comparaci\u00f3n anual, se proyecta que la econom\u00eda presente un avance de 2.1 por ciento.<\/p>\n<p>Las actividad industrial de 3.5 por ciento y el sector servicios un alza de 0.9 por ciento.<\/p>\n<p>Por ende se menciona que la econom\u00eda de M\u00e9xico se enfila a su peor contracci\u00f3n mensual del a\u00f1o<\/p>\n","protected":false},"excerpt":{"rendered":"<p>El Indicador Oportuno de la Actividad Econ\u00f3mica muestra que el PIB habr\u00eda ca\u00eddo 0.38% en junio. Econom\u00eda de M\u00e9xico : La actividad econ\u00f3mica de M\u00e9xico confirm\u00f3 el deterioro en su tendencia de crecimiento en junio. Con lo registrar\u00eda su peor ca\u00edda en 10 meses, de acuerdo con el Instituto Nacional de Estad\u00edstica y Geograf\u00eda (Inegi). [&hellip;]<\/p>\n","protected":false},"author":1,"featured_media":7650,"comment_status":"open","ping_status":"closed","sticky":false,"template":"","format":"standard","meta":{"footnotes":""},"categories":[7,9],"tags":[],"class_list":["post-7648","post","type-post","status-publish","format-standard","has-post-thumbnail","hentry","category-nacional","category-politica"],"_links":{"self":[{"href":"https:\/\/podernacional.com\/index.php?rest_route=\/wp\/v2\/posts\/7648","targetHints":{"allow":["GET"]}}],"collection":[{"href":"https:\/\/podernacional.com\/index.php?rest_route=\/wp\/v2\/posts"}],"about":[{"href":"https:\/\/podernacional.com\/index.php?rest_route=\/wp\/v2\/types\/post"}],"author":[{"embeddable":true,"href":"https:\/\/podernacional.com\/index.php?rest_route=\/wp\/v2\/users\/1"}],"replies":[{"embeddable":true,"href":"https:\/\/podernacional.com\/index.php?rest_route=%2Fwp%2Fv2%2Fcomments&post=7648"}],"version-history":[{"count":1,"href":"https:\/\/podernacional.com\/index.php?rest_route=\/wp\/v2\/posts\/7648\/revisions"}],"predecessor-version":[{"id":7649,"href":"https:\/\/podernacional.com\/index.php?rest_route=\/wp\/v2\/posts\/7648\/revisions\/7649"}],"wp:featuredmedia":[{"embeddable":true,"href":"https:\/\/podernacional.com\/index.php?rest_route=\/wp\/v2\/media\/7650"}],"wp:attachment":[{"href":"https:\/\/podernacional.com\/index.php?rest_route=%2Fwp%2Fv2%2Fmedia&parent=7648"}],"wp:term":[{"taxonomy":"category","embeddable":true,"href":"https:\/\/podernacional.com\/index.php?rest_route=%2Fwp%2Fv2%2Fcategories&post=7648"},{"taxonomy":"post_tag","embeddable":true,"href":"https:\/\/podernacional.com\/index.php?rest_route=%2Fwp%2Fv2%2Ftags&post=7648"}],"curies":[{"name":"wp","href":"https:\/\/api.w.org\/{rel}","templated":true}]}}