{"id":7657,"date":"2022-07-19T21:31:25","date_gmt":"2022-07-20T02:31:25","guid":{"rendered":"https:\/\/podernacional.com\/?p=7657"},"modified":"2022-07-20T02:31:26","modified_gmt":"2022-07-20T02:31:26","slug":"invita-secretaria-de-salud-a-usar-correctamente-el-cubrebocas-en-espacios-abiertos-y-cerrados","status":"publish","type":"post","link":"https:\/\/podernacional.com\/?p=7657","title":{"rendered":"Invita Secretar\u00eda de Salud a usar correctamente el cubrebocas en espacios abiertos y cerrados"},"content":{"rendered":"<h4>Es una estrategia importante de prevenci\u00f3n que contribuye a reducir el riesgo de contagio del virus SARS CoV-2<\/h4>\n<p><a href=\"https:\/\/www.gob.mx\/salud\">La Secretar\u00eda de Salud<\/a> exhorta a la ciudadan\u00eda a seguir practicando las medidas de prevenci\u00f3n para evitar el incremento de casos por COVID-19.<\/p>\n<p>Ya se en el estado de Chihuahua\u00a0como en el resto del pa\u00eds, por eso menciona como es el uso correcto del cubrebocas.<\/p>\n<p>A partir de la d\u00e9cimo cuarta sesi\u00f3n del Consejo Estatal de Salud.<\/p>\n<p>Se determin\u00f3 que debe continuar su uso obligatorio en espacios cerrados y se retom\u00f3 la obligatoriedad de portarlo en sitios abiertos.<\/p>\n<p>Ya se como estrategia de prevenci\u00f3n para contribuir a reducir el riesgo de contagio del virus SARS CoV-2.<\/p>\n<p>El subdirector de Epidemiolog\u00eda, Gumaro Barrios Gallegos, indic\u00f3 que es importante colocarlo adecuadamente.<\/p>\n<p>As\u00ed como realizar ciertas acciones antes y despu\u00e9s de emplearlo, como lavarse las manos, solo tomarlo por los el\u00e1sticos.<\/p>\n<p>&nbsp;<\/p>\n<h4>Ademas de\u00a0cubrir bien la barbilla hasta la parte superior de la nariz y posteriormente ajustar con los dedos.<\/h4>\n<p>Mencion\u00f3 que al asegurarse de que est\u00e1 bien puesto se puede usar durante todo el d\u00eda.<\/p>\n<p>Al terminar las actividades diarias se debe retirar de los el\u00e1sticos.<\/p>\n<p>Tambi\u00e9n el de colocarlo en una bolsa de pl\u00e1stico para desecharlo en un contenedor de basura y lavarse las manos de nuevo.<\/p>\n<p>Enfatiz\u00f3 que no debe utilizarse el cubrebocas sucio, evitar el re\u00faso de los desechables.<\/p>\n<p>Aparte de traerlo colocado al momento de hablar, toser o estornudar.<\/p>\n<p>En este \u00faltimo caso se deben aplicar las medidas de etiqueta\u00a0menciona ademas.<\/p>\n<p>El funcionario explic\u00f3 que su uso continuo permite disminuir la cantidad de gotitas de saliva que se expulsan a trav\u00e9s de la boca.<\/p>\n<p>Ya que pueden contener el virus y que esta medida debe acompa\u00f1arse de otras acciones como la higiene de mano.<\/p>\n<p>Ademas de\u00a0mantener la sana distancia y evitar asistir a lugares concurridos.<\/p>\n<p>Por ende, Invita Secretar\u00eda de Salud a usar correctamente el cubrebocas.<\/p>\n","protected":false},"excerpt":{"rendered":"<p>Es una estrategia importante de prevenci\u00f3n que contribuye a reducir el riesgo de contagio del virus SARS CoV-2 La Secretar\u00eda de Salud exhorta a la ciudadan\u00eda a seguir practicando las medidas de prevenci\u00f3n para evitar el incremento de casos por COVID-19. Ya se en el estado de Chihuahua\u00a0como en el resto del pa\u00eds, por eso [&hellip;]<\/p>\n","protected":false},"author":1,"featured_media":7659,"comment_status":"open","ping_status":"closed","sticky":false,"template":"","format":"standard","meta":{"footnotes":""},"categories":[7,11],"tags":[],"class_list":["post-7657","post","type-post","status-publish","format-standard","has-post-thumbnail","hentry","category-nacional","category-salud"],"_links":{"self":[{"href":"https:\/\/podernacional.com\/index.php?rest_route=\/wp\/v2\/posts\/7657","targetHints":{"allow":["GET"]}}],"collection":[{"href":"https:\/\/podernacional.com\/index.php?rest_route=\/wp\/v2\/posts"}],"about":[{"href":"https:\/\/podernacional.com\/index.php?rest_route=\/wp\/v2\/types\/post"}],"author":[{"embeddable":true,"href":"https:\/\/podernacional.com\/index.php?rest_route=\/wp\/v2\/users\/1"}],"replies":[{"embeddable":true,"href":"https:\/\/podernacional.com\/index.php?rest_route=%2Fwp%2Fv2%2Fcomments&post=7657"}],"version-history":[{"count":1,"href":"https:\/\/podernacional.com\/index.php?rest_route=\/wp\/v2\/posts\/7657\/revisions"}],"predecessor-version":[{"id":7658,"href":"https:\/\/podernacional.com\/index.php?rest_route=\/wp\/v2\/posts\/7657\/revisions\/7658"}],"wp:featuredmedia":[{"embeddable":true,"href":"https:\/\/podernacional.com\/index.php?rest_route=\/wp\/v2\/media\/7659"}],"wp:attachment":[{"href":"https:\/\/podernacional.com\/index.php?rest_route=%2Fwp%2Fv2%2Fmedia&parent=7657"}],"wp:term":[{"taxonomy":"category","embeddable":true,"href":"https:\/\/podernacional.com\/index.php?rest_route=%2Fwp%2Fv2%2Fcategories&post=7657"},{"taxonomy":"post_tag","embeddable":true,"href":"https:\/\/podernacional.com\/index.php?rest_route=%2Fwp%2Fv2%2Ftags&post=7657"}],"curies":[{"name":"wp","href":"https:\/\/api.w.org\/{rel}","templated":true}]}}