{"id":7672,"date":"2022-07-20T20:56:20","date_gmt":"2022-07-21T01:56:20","guid":{"rendered":"https:\/\/podernacional.com\/?p=7672"},"modified":"2022-07-21T01:56:21","modified_gmt":"2022-07-21T01:56:21","slug":"imss-instala-una-sala-de-atencion-de-prelabor-de-parto-en-cancun","status":"publish","type":"post","link":"https:\/\/podernacional.com\/?p=7672","title":{"rendered":"IMSS instala una sala de atenci\u00f3n de prelabor de parto en Canc\u00fan"},"content":{"rendered":"<h4>Este lugar servir\u00e1 para brindar un espacio seguro y amigable a las mujeres embarazadas.<\/h4>\n<p><a href=\"http:\/\/www.imss.gob.mx\/\">IMSS<\/a> : En apoyo a las mujeres previo al parto, el Instituto Mexicano del Seguro Social (IMSS).<\/p>\n<p>Mencionan que\u00a0instalar\u00e1n\u00a0una tercera sala de prelabor en el Hospital General Regional No. 17 en Canc\u00fan.<\/p>\n<p>Este es un espacio para que las mujeres embarazadas en labor de parto puedan permanecer vigiladas.<\/p>\n<p>As\u00ed como de ser\u00a0atendidas por personal de salud, mientras llega el momento del nacimiento.<\/p>\n<p>Jos\u00e9 Miguel Van Dick Puga, titular del IMSS en Quintana Roo.<\/p>\n<p>Con esto ademas menciona y\u00a0explic\u00f3 que en la actualidad, la atenci\u00f3n a las mujeres durante el embarazo, nacimiento y puerperio.<\/p>\n<p>Necesita y\u00a0requiere de un enfoque humano, para as\u00ed erradicar todas aquellas conductas generadoras de violencia obst\u00e9trica.<\/p>\n<p>Explic\u00f3 que la sala de prelabor servir\u00e1 para brindar un espacio seguro y amigable a las f\u00e9minas en gestaci\u00f3n durante el tiempo que transcurre.<\/p>\n<p>Ademas desde su llegada hasta antes del momento del nacimiento.<\/p>\n<p>As\u00ed como en donde pueden realizar ejercicios profil\u00e1cticos que ayuden a su preparaci\u00f3n para el parto por la v\u00eda natural.<\/p>\n<p>La sala cuenta con medidas de seguridad para su desplazamiento supervisado por personal de salud.<\/p>\n<p>Con esto busca,\u00a0un entorno amigable con la etapa de su embarazo.<\/p>\n<p>En conclusi\u00f3n, IMSS instala una sala de atenci\u00f3n de prelabor de parto en Canc\u00fan.<\/p>\n<p>&nbsp;<\/p>\n","protected":false},"excerpt":{"rendered":"<p>Este lugar servir\u00e1 para brindar un espacio seguro y amigable a las mujeres embarazadas. IMSS : En apoyo a las mujeres previo al parto, el Instituto Mexicano del Seguro Social (IMSS). Mencionan que\u00a0instalar\u00e1n\u00a0una tercera sala de prelabor en el Hospital General Regional No. 17 en Canc\u00fan. Este es un espacio para que las mujeres embarazadas [&hellip;]<\/p>\n","protected":false},"author":1,"featured_media":7674,"comment_status":"open","ping_status":"closed","sticky":false,"template":"","format":"standard","meta":{"footnotes":""},"categories":[6,10,11],"tags":[],"class_list":["post-7672","post","type-post","status-publish","format-standard","has-post-thumbnail","hentry","category-local","category-quintana-roo","category-salud"],"_links":{"self":[{"href":"https:\/\/podernacional.com\/index.php?rest_route=\/wp\/v2\/posts\/7672","targetHints":{"allow":["GET"]}}],"collection":[{"href":"https:\/\/podernacional.com\/index.php?rest_route=\/wp\/v2\/posts"}],"about":[{"href":"https:\/\/podernacional.com\/index.php?rest_route=\/wp\/v2\/types\/post"}],"author":[{"embeddable":true,"href":"https:\/\/podernacional.com\/index.php?rest_route=\/wp\/v2\/users\/1"}],"replies":[{"embeddable":true,"href":"https:\/\/podernacional.com\/index.php?rest_route=%2Fwp%2Fv2%2Fcomments&post=7672"}],"version-history":[{"count":1,"href":"https:\/\/podernacional.com\/index.php?rest_route=\/wp\/v2\/posts\/7672\/revisions"}],"predecessor-version":[{"id":7673,"href":"https:\/\/podernacional.com\/index.php?rest_route=\/wp\/v2\/posts\/7672\/revisions\/7673"}],"wp:featuredmedia":[{"embeddable":true,"href":"https:\/\/podernacional.com\/index.php?rest_route=\/wp\/v2\/media\/7674"}],"wp:attachment":[{"href":"https:\/\/podernacional.com\/index.php?rest_route=%2Fwp%2Fv2%2Fmedia&parent=7672"}],"wp:term":[{"taxonomy":"category","embeddable":true,"href":"https:\/\/podernacional.com\/index.php?rest_route=%2Fwp%2Fv2%2Fcategories&post=7672"},{"taxonomy":"post_tag","embeddable":true,"href":"https:\/\/podernacional.com\/index.php?rest_route=%2Fwp%2Fv2%2Ftags&post=7672"}],"curies":[{"name":"wp","href":"https:\/\/api.w.org\/{rel}","templated":true}]}}