{"id":7675,"date":"2022-07-20T21:00:58","date_gmt":"2022-07-21T02:00:58","guid":{"rendered":"https:\/\/podernacional.com\/?p=7675"},"modified":"2022-07-21T02:00:59","modified_gmt":"2022-07-21T02:00:59","slug":"mujeres-presentan-amparos-a-favor-del-aborto-en-quintana-roo","status":"publish","type":"post","link":"https:\/\/podernacional.com\/?p=7675","title":{"rendered":"Mujeres presentan amparos a favor del aborto en Quintana Roo"},"content":{"rendered":"<h4>M\u00e1s de 90 mujeres se sumaron a la solicitud; esto implicar\u00eda ordenar al Congreso estatal a que legisle sobre este tema.<\/h4>\n<p>Mujeres activistas revelaron que 94 mujeres de distintos municipios de Quintana Roo interpusieron seis amparos colectivos.<\/p>\n<p>En los que ademas exigen acceso al aborto voluntario, con base en los criterios de la Suprema Corte de Justicia de la Naci\u00f3n (SCJN).<\/p>\n<p>La cual declar\u00f3 inconstitucional criminalizar este procedimiento.<\/p>\n<p>Estos recursos fueron presentados el lunes 18 de julio.<\/p>\n<p>Con esto, cinco en los juzgados federales de distrito en Canc\u00fan y uno m\u00e1s en Chetumal.<\/p>\n<p>De los primeros, cuatro ya fueron turnados ante un juez (tres al tercero de distrito y uno al noveno).<\/p>\n<p>El objetivo de estos amparos colectivos es que la justicia federal ordene al Congreso de QuintanaRoo a que legisle para armonizar el marco legal estatal.<\/p>\n<p>En observancia a los derechos humanos; adem\u00e1s de eliminar el plazo de 90 d\u00edas para los casos de aborto por violaci\u00f3n.<\/p>\n<p>Tambi\u00e9n piden que se ordene al gobernador del estado y a la Secretar\u00eda de Salud estatal que dispongan de servicios.<\/p>\n<p>As\u00ed como del aborto voluntario, libre, confidencial, gratuito, seguro, expedito, no discriminatorio, con altos est\u00e1ndares de calidad.<\/p>\n<p>Aunado a que difundan ampliamente estos servicios.<\/p>\n<h4>Desde 2021, la Suprema Corte declar\u00f3 la inconstitucionalidad de la criminalizaci\u00f3n del aborto.<\/h4>\n<p>Precedente de observancia obligada en todo el pa\u00eds.<\/p>\n<p>Pese a ello, en Quintana Roo no se ha modificado el C\u00f3digo Penal ni se cuenta con estos servicios en las instancias de atenci\u00f3n m\u00e9dica.<\/p>\n<p>\u201cAclaramos que en estos momentos ninguna de las 94 mujeres firmantes nos encontramos cursando un embarazo2.<\/p>\n<p>\u201cPero por nuestra condici\u00f3n de personas con capacidad de gestar\u201d.<\/p>\n<p>\u201cLa criminalizaci\u00f3n del aborto representa una amenaza punitiva que impacta la forma en que vivimos nuestra sexualidad\u201d, afirm\u00f3 Sheena Merle Ucan, activista feminista.<\/p>\n<p>En caso de ganar, estos amparos ser\u00eda aplicable no solamente para las 94 mujeres firmantes, sino para todas las mujeres de Quintana Roo.<\/p>\n<p>De acuerdo con activistas, se trata de una necesidad colectiva.<\/p>\n<p>Con lo que se busca acabar con obst\u00e1culos que actualmente existen y que impactan en la salud de las mujeres.<\/p>\n<p>Con esto, Mujeres presentan amparos a favor del aborto en Quintana Roo<\/p>\n","protected":false},"excerpt":{"rendered":"<p>M\u00e1s de 90 mujeres se sumaron a la solicitud; esto implicar\u00eda ordenar al Congreso estatal a que legisle sobre este tema. Mujeres activistas revelaron que 94 mujeres de distintos municipios de Quintana Roo interpusieron seis amparos colectivos. En los que ademas exigen acceso al aborto voluntario, con base en los criterios de la Suprema Corte [&hellip;]<\/p>\n","protected":false},"author":1,"featured_media":7677,"comment_status":"open","ping_status":"closed","sticky":false,"template":"","format":"standard","meta":{"footnotes":""},"categories":[10,11],"tags":[],"class_list":["post-7675","post","type-post","status-publish","format-standard","has-post-thumbnail","hentry","category-quintana-roo","category-salud"],"_links":{"self":[{"href":"https:\/\/podernacional.com\/index.php?rest_route=\/wp\/v2\/posts\/7675","targetHints":{"allow":["GET"]}}],"collection":[{"href":"https:\/\/podernacional.com\/index.php?rest_route=\/wp\/v2\/posts"}],"about":[{"href":"https:\/\/podernacional.com\/index.php?rest_route=\/wp\/v2\/types\/post"}],"author":[{"embeddable":true,"href":"https:\/\/podernacional.com\/index.php?rest_route=\/wp\/v2\/users\/1"}],"replies":[{"embeddable":true,"href":"https:\/\/podernacional.com\/index.php?rest_route=%2Fwp%2Fv2%2Fcomments&post=7675"}],"version-history":[{"count":1,"href":"https:\/\/podernacional.com\/index.php?rest_route=\/wp\/v2\/posts\/7675\/revisions"}],"predecessor-version":[{"id":7676,"href":"https:\/\/podernacional.com\/index.php?rest_route=\/wp\/v2\/posts\/7675\/revisions\/7676"}],"wp:featuredmedia":[{"embeddable":true,"href":"https:\/\/podernacional.com\/index.php?rest_route=\/wp\/v2\/media\/7677"}],"wp:attachment":[{"href":"https:\/\/podernacional.com\/index.php?rest_route=%2Fwp%2Fv2%2Fmedia&parent=7675"}],"wp:term":[{"taxonomy":"category","embeddable":true,"href":"https:\/\/podernacional.com\/index.php?rest_route=%2Fwp%2Fv2%2Fcategories&post=7675"},{"taxonomy":"post_tag","embeddable":true,"href":"https:\/\/podernacional.com\/index.php?rest_route=%2Fwp%2Fv2%2Ftags&post=7675"}],"curies":[{"name":"wp","href":"https:\/\/api.w.org\/{rel}","templated":true}]}}