{"id":7693,"date":"2022-07-21T19:43:40","date_gmt":"2022-07-22T00:43:40","guid":{"rendered":"https:\/\/podernacional.com\/?p=7693"},"modified":"2022-07-22T00:43:41","modified_gmt":"2022-07-22T00:43:41","slug":"deportes-tolima-tiene-nuevo-arquero-christian-vargas","status":"publish","type":"post","link":"https:\/\/podernacional.com\/?p=7693","title":{"rendered":"Deportes Tolima tiene nuevo arquero: Christian Vargas"},"content":{"rendered":"<h4>El guardameta llega al subcampe\u00f3n de Colombia luego de su paso por \u00c1guilas Doradas<\/h4>\n<p>Deportes Tolima: Christian Vargas es el nuevo arquero del Tolima.<\/p>\n<p>Deportes Tolima hizo un primer semestre aceptable, pues el equipo ibaguere\u00f1o organiz\u00f3 una n\u00f3mina competente para todos los torneos que ten\u00eda que afrontar.<\/p>\n<p>Sin embargo, los n\u00fameros no fueron del todo positivos para los Pijaos, quienes perdieron la final de la liga y fueron eliminados de Libertadores.<\/p>\n<p>Ante esto, la renovaci\u00f3n ya inici\u00f3 con varias contrataciones incluyendo la \u00faltima novedad para el p\u00f3rtico de \u2018La Tribu\u2019.<\/p>\n<p>En las \u00faltimas horas se confirm\u00f3 la contrataci\u00f3n de Christian Vargas Cort\u00e9s, portero de 32 a\u00f1os y 1.84 mts de estatura.<\/p>\n<p>Vargas ha tenido un importante recorrido dentro del F\u00fatbol Profesional Colombiano.<\/p>\n<p>Ademas defendiendo los colores de Atl\u00e9tico Nacional, Atl\u00e9tico Huila, Atl\u00e9tico Bucaramanga, \u00c1guilas Doradas y Millonarios.<\/p>\n<p>Vargas se convierte en el remplazo de Alex\u00e1nder Dom\u00ednguez, cancerbero ecuatoriano que sali\u00f3 del equipo hac\u00eda su tierra natal.<\/p>\n<p>Luego de tener un remate de torneo bastante criticado.<\/p>\n<p>El nuevo arquero del Deportes Tolima viene desde \u00c1guilas Doradas y habl\u00f3 tras confirmarse su fichaje.<\/p>\n<p>As\u00ed como\u00a0destacando su actualidad y las virtudes del equipo al que arriba.<\/p>\n<p>\u201cEstoy muy contento de poder llegar a esta instituci\u00f3n, a un equipo que en los \u00faltimos a\u00f1os ha hecho historia; que lleva tres finales consecutivas\u201d.<\/p>\n<p>\u201cVengo a disfrutar al m\u00e1ximo y doy gracias a Dios porque me da la oportunidad de volver a jugar f\u00fatbol\u201d.<\/p>\n<p>\u201cAs\u00ed como compartir con muchos jugadores que han ganado cosas\u201d, se\u00f1al\u00f3.<\/p>\n<p>Los objetivos para la nueva contrataci\u00f3n del equipo de la \u2018Capital Musical de Colombia\u2019 son varios.<\/p>\n<p>Sin embargo, resalt\u00f3 que que todo ir\u00e1 de la mano con el nivel de competencia que pueda mostrar mediante su aporte a la escuadra.<\/p>\n<p>Tambi\u00e9n puede leer: La Feria de las Flores regresa a Medell\u00edn con el 100 % de presencialidad e importantes artistas<\/p>\n<p>La relaci\u00f3n con el t\u00e9cnico<\/p>\n<p>Cuando Christian Vargas arrib\u00f3 al Atl\u00e9tico Bucaramanga fue dirigido por el t\u00e9cnico Hern\u00e1n Torres, quien estuvo al cargo antes de llegar al Deportes Tolima.<\/p>\n<p>Ahora se repite la historia y se convierte en la oportunidad perfecta para que los dos experimentados hombres del f\u00fatbol, consigan los objetivos.<\/p>\n<p>Cabe resaltar que en su etapa como jugador, Torres tambi\u00e9n jug\u00f3 como portero.<\/p>\n<p>\u201cEs una relaci\u00f3n tranquila, s\u00e9 que es un entrenador que le gusta trabajar, es de los que dice que con el trabajo se consiguen cosas grandes\u201d.<\/p>\n<p>Tuve la posibilidad de trabajar con \u00e9l en una instituci\u00f3n y la pase bien, s\u00e9 que es una persona que quiere ganar.<\/p>\n<p>Yo soy un jugador interesado, un jugador que quiere ganar y lo he demostrado.<\/p>\n<p>\u201cLastimosamente han pasado cosas que suelen pasar en el f\u00fatbol, pero seguramente ese sue\u00f1o volver\u00e1 y se va hacer realidad\u201d.<\/p>\n<p>El mensaje del guardameta es claro y con un amplio agradecimiento, pues destac\u00f3 que conf\u00eda en los jugadores del plantel por su experiencia y palmar\u00e9s.<\/p>\n<p>\u201cCreo que es un grupo bueno, es un grupo en donde los jugadores saben lo que es ganar\u201d.<\/p>\n<p>\u201cLo que es ser campeones, estoy muy agradecido con la vida y con todos ustedes que me abren las puertas para trabajar en esa instituci\u00f3n\u201d.<\/p>\n<p>En liga, Deportes Tolima es sexto con cuatro puntos, pues en la \u00faltima fecha cayeron contra Uni\u00f3n Magdalena.<\/p>\n<p>Sin embargo, esta situaci\u00f3n ha sido abordada con calma por parte de la direcci\u00f3n t\u00e9cnica.<\/p>\n<p>Pues se asume como un periodo de transici\u00f3n y acoplamiento a un nuevo torneo.<\/p>\n","protected":false},"excerpt":{"rendered":"<p>El guardameta llega al subcampe\u00f3n de Colombia luego de su paso por \u00c1guilas Doradas Deportes Tolima: Christian Vargas es el nuevo arquero del Tolima. Deportes Tolima hizo un primer semestre aceptable, pues el equipo ibaguere\u00f1o organiz\u00f3 una n\u00f3mina competente para todos los torneos que ten\u00eda que afrontar. Sin embargo, los n\u00fameros no fueron del todo [&hellip;]<\/p>\n","protected":false},"author":1,"featured_media":7695,"comment_status":"open","ping_status":"closed","sticky":false,"template":"","format":"standard","meta":{"footnotes":""},"categories":[3,7],"tags":[],"class_list":["post-7693","post","type-post","status-publish","format-standard","has-post-thumbnail","hentry","category-deportes","category-nacional"],"_links":{"self":[{"href":"https:\/\/podernacional.com\/index.php?rest_route=\/wp\/v2\/posts\/7693","targetHints":{"allow":["GET"]}}],"collection":[{"href":"https:\/\/podernacional.com\/index.php?rest_route=\/wp\/v2\/posts"}],"about":[{"href":"https:\/\/podernacional.com\/index.php?rest_route=\/wp\/v2\/types\/post"}],"author":[{"embeddable":true,"href":"https:\/\/podernacional.com\/index.php?rest_route=\/wp\/v2\/users\/1"}],"replies":[{"embeddable":true,"href":"https:\/\/podernacional.com\/index.php?rest_route=%2Fwp%2Fv2%2Fcomments&post=7693"}],"version-history":[{"count":1,"href":"https:\/\/podernacional.com\/index.php?rest_route=\/wp\/v2\/posts\/7693\/revisions"}],"predecessor-version":[{"id":7694,"href":"https:\/\/podernacional.com\/index.php?rest_route=\/wp\/v2\/posts\/7693\/revisions\/7694"}],"wp:featuredmedia":[{"embeddable":true,"href":"https:\/\/podernacional.com\/index.php?rest_route=\/wp\/v2\/media\/7695"}],"wp:attachment":[{"href":"https:\/\/podernacional.com\/index.php?rest_route=%2Fwp%2Fv2%2Fmedia&parent=7693"}],"wp:term":[{"taxonomy":"category","embeddable":true,"href":"https:\/\/podernacional.com\/index.php?rest_route=%2Fwp%2Fv2%2Fcategories&post=7693"},{"taxonomy":"post_tag","embeddable":true,"href":"https:\/\/podernacional.com\/index.php?rest_route=%2Fwp%2Fv2%2Ftags&post=7693"}],"curies":[{"name":"wp","href":"https:\/\/api.w.org\/{rel}","templated":true}]}}